{"id":13113,"date":"2016-10-15T15:01:45","date_gmt":"2016-10-15T18:01:45","guid":{"rendered":"http:\/\/obispadodezaratecampana.org\/?p=13113"},"modified":"2016-10-15T15:01:47","modified_gmt":"2016-10-15T18:01:47","slug":"transmisiones-en-vivo-de-la-canonizacion-del-padre-brochero","status":"publish","type":"post","link":"https:\/\/obispadodezaratecampana.org\/?p=13113","title":{"rendered":"Transmisiones en vivo de la Canonizaci\u00f3n del Padre Brochero"},"content":{"rendered":"<p style=\"text-align: justify;\"><em>Buenos Aires (AICA): La ceremonia de canonizaci\u00f3n del Cura Brochero ser\u00e1 transmitida en vivo en diferentes puntos de la Argentina, para que los fieles puedan compartir los festejos en tiempo real desde la tierra del nuevo santo. Adem\u00e1s, la comunidad podr\u00e1 seguir desde sus hogares la canonizaci\u00f3n por canal Orbe 21, por internet o en la TV P\u00fablica.<\/em><\/p>\n<p><a href=\"http:\/\/obispadodezaratecampana.org\/wp-content\/uploads\/2016\/10\/televisor.jpg\"><img decoding=\"async\" class=\"size-medium wp-image-13114 aligncenter\" src=\"http:\/\/obispadodezaratecampana.org\/wp-content\/uploads\/2016\/10\/televisor-300x156.jpg\" alt=\"televisor\" width=\"300\" height=\"156\" srcset=\"https:\/\/obispadodezaratecampana.org\/wp-content\/uploads\/2016\/10\/televisor-300x156.jpg 300w, https:\/\/obispadodezaratecampana.org\/wp-content\/uploads\/2016\/10\/televisor-310x160.jpg 310w, https:\/\/obispadodezaratecampana.org\/wp-content\/uploads\/2016\/10\/televisor.jpg 800w\" sizes=\"(max-width: 300px) 100vw, 300px\" \/><\/a><\/p>\n<p style=\"text-align: justify;\">Con motivo de la canonizaci\u00f3n del Cura Brochero, el domingo 16 de octubre los fieles argentinos tendr\u00e1n la oportunidad de seguir desde sus hogares la transmisi\u00f3n de la ceremonia que convertir\u00e1 al &#8220;cura gaucho&#8221; en santo, y ser\u00e1 presidida en Roma por el papa Francisco. Diferentes medios ser\u00e1n los encargados de acercar las im\u00e1genes en directo a nuestro pa\u00eds.<\/p>\n<p style=\"text-align: justify;\">Canal Orbe 21 ha preparado una cobertura especial para el 16 de octubre, que ser\u00e1 conducida por Gabriela Laschera y por el presb\u00edtero Jorge Oesterheld como invitado especial. Comenzar\u00e1 a las 5, hora argentina y ser\u00e1 repetida en la Argentina a las 12 y a las 19.<\/p>\n<p style=\"text-align: justify;\">La ceremonia podr\u00e1 seguirse tambi\u00e9n por internet: el Centro Televisivo Vaticano junto con Radio Vaticana transmitir\u00e1n a trav\u00e9s de sus diferentes plataformas, con traducci\u00f3n simult\u00e1nea al espa\u00f1ol. Podr\u00e1 verse en Youtube, y en diferentes medios con enviados especiales, como FM Ser y Cadena3.<\/p>\n<p style=\"text-align: justify;\">La oficina de prensa de la Conferencia Episcopal Argentina ofrecer\u00e1 un seguimiento de las actividades desde Roma a trav\u00e9s de su p\u00e1gina y las redes sociales Youtube, Facebook, Twitter e Instagram.<\/p>\n<p style=\"text-align: justify;\">La transmisi\u00f3n en directo tambi\u00e9n se har\u00e1 por la TV P\u00fablica.+<\/p>\n<!-- AddThis Advanced Settings generic via filter on the_content --><!-- AddThis Share Buttons generic via filter on the_content -->","protected":false},"excerpt":{"rendered":"<p>Buenos Aires (AICA): La ceremonia de canonizaci\u00f3n del Cura Brochero ser\u00e1 transmitida en vivo en diferentes puntos de la Argentina, para que los fieles puedan [&hellip;]<!-- AddThis Advanced Settings generic via filter on get_the_excerpt --><!-- AddThis Share Buttons generic via filter on get_the_excerpt --><\/p>\n","protected":false},"author":2,"featured_media":13114,"comment_status":"open","ping_status":"open","sticky":false,"template":"","format":"standard","meta":{"footnotes":""},"categories":[1],"tags":[],"class_list":["post-13113","post","type-post","status-publish","format-standard","has-post-thumbnail","hentry","category-noticiasdiocesanas"],"_links":{"self":[{"href":"https:\/\/obispadodezaratecampana.org\/index.php?rest_route=\/wp\/v2\/posts\/13113","targetHints":{"allow":["GET"]}}],"collection":[{"href":"https:\/\/obispadodezaratecampana.org\/index.php?rest_route=\/wp\/v2\/posts"}],"about":[{"href":"https:\/\/obispadodezaratecampana.org\/index.php?rest_route=\/wp\/v2\/types\/post"}],"author":[{"embeddable":true,"href":"https:\/\/obispadodezaratecampana.org\/index.php?rest_route=\/wp\/v2\/users\/2"}],"replies":[{"embeddable":true,"href":"https:\/\/obispadodezaratecampana.org\/index.php?rest_route=%2Fwp%2Fv2%2Fcomments&post=13113"}],"version-history":[{"count":1,"href":"https:\/\/obispadodezaratecampana.org\/index.php?rest_route=\/wp\/v2\/posts\/13113\/revisions"}],"predecessor-version":[{"id":13115,"href":"https:\/\/obispadodezaratecampana.org\/index.php?rest_route=\/wp\/v2\/posts\/13113\/revisions\/13115"}],"wp:featuredmedia":[{"embeddable":true,"href":"https:\/\/obispadodezaratecampana.org\/index.php?rest_route=\/wp\/v2\/media\/13114"}],"wp:attachment":[{"href":"https:\/\/obispadodezaratecampana.org\/index.php?rest_route=%2Fwp%2Fv2%2Fmedia&parent=13113"}],"wp:term":[{"taxonomy":"category","embeddable":true,"href":"https:\/\/obispadodezaratecampana.org\/index.php?rest_route=%2Fwp%2Fv2%2Fcategories&post=13113"},{"taxonomy":"post_tag","embeddable":true,"href":"https:\/\/obispadodezaratecampana.org\/index.php?rest_route=%2Fwp%2Fv2%2Ftags&post=13113"}],"curies":[{"name":"wp","href":"https:\/\/api.w.org\/{rel}","templated":true}]}}