{"id":13109,"date":"2016-10-15T14:45:17","date_gmt":"2016-10-15T17:45:17","guid":{"rendered":"http:\/\/obispadodezaratecampana.org\/?p=13109"},"modified":"2016-10-15T14:45:17","modified_gmt":"2016-10-15T17:45:17","slug":"peregrinacion-anual-a-lujan-2016-recorrido-interactivo-en-google-maps","status":"publish","type":"post","link":"https:\/\/obispadodezaratecampana.org\/?p=13109","title":{"rendered":"Peregrinaci\u00f3n Anual a Luj\u00e1n 2016: recorrido interactivo en Google Maps"},"content":{"rendered":"<h3><span style=\"color: #0000ff;\">Queridos amigos, en este enlace podr\u00e1n acceder al recorrido interactivo de la pr\u00f3xima Peregrinaci\u00f3n Anual a Luj\u00e1n del 5 de noviembre en Google Maps:<\/span><\/h3>\n<h3><em><span style=\"color: #0000ff;\"><a title=\"recorrido\" href=\"https:\/\/www.google.com\/maps\/d\/viewer?mid=1_WixY3SOXKNpkZGS24ZLsz5bSIk\" target=\"_blank\"><span style=\"color: #0000ff;\">https:\/\/www.google.com\/maps\/d\/viewer?mid=1_WixY3SOXKNpkZGS24ZLsz5bSIk<\/span><\/a><\/span><\/em><\/h3>\n<p><img fetchpriority=\"high\" decoding=\"async\" class=\"size-medium wp-image-13111 aligncenter\" src=\"http:\/\/obispadodezaratecampana.org\/wp-content\/uploads\/2016\/10\/14724548_323215888035753_4403357622403107756_n-225x300.jpg\" alt=\"14724548_323215888035753_4403357622403107756_n\" width=\"225\" height=\"300\" srcset=\"https:\/\/obispadodezaratecampana.org\/wp-content\/uploads\/2016\/10\/14724548_323215888035753_4403357622403107756_n-225x300.jpg 225w, https:\/\/obispadodezaratecampana.org\/wp-content\/uploads\/2016\/10\/14724548_323215888035753_4403357622403107756_n.jpg 720w\" sizes=\"(max-width: 225px) 100vw, 225px\" \/><\/p>\n<h4><span style=\"color: #0000ff;\">Perfil de facebook Oficial de la Peregrinaci\u00f3n Anual a Luj\u00e1n , donde encontrar\u00e1n todas las novedades:<\/span><\/h4>\n<h4><span style=\"color: #0000ff;\"><a title=\"face\" href=\"https:\/\/www.facebook.com\/Peregrinaci%C3%B3n-a-Luj%C3%A1n-Di%C3%B3cesis-de-Z%C3%A1rate-Campana-289429808081028\/?fref=ts\" target=\"_blank\"><span style=\"color: #0000ff;\">https:\/\/www.facebook.com\/Peregrinaci%C3%B3n-a-Luj%C3%A1n-Di%C3%B3cesis-de-Z%C3%A1rate-Campana-289429808081028\/?fref=ts<\/span><\/a><\/span><\/h4>\n<!-- AddThis Advanced Settings generic via filter on the_content --><!-- AddThis Share Buttons generic via filter on the_content -->","protected":false},"excerpt":{"rendered":"<p>Queridos amigos, en este enlace podr\u00e1n acceder al recorrido interactivo de la pr\u00f3xima Peregrinaci\u00f3n Anual a Luj\u00e1n del 5 de noviembre en Google Maps: https:\/\/www.google.com\/maps\/d\/viewer?mid=1_WixY3SOXKNpkZGS24ZLsz5bSIk [&hellip;]<!-- AddThis Advanced Settings generic via filter on get_the_excerpt --><!-- AddThis Share Buttons generic via filter on get_the_excerpt --><\/p>\n","protected":false},"author":2,"featured_media":13110,"comment_status":"open","ping_status":"open","sticky":false,"template":"","format":"standard","meta":{"footnotes":""},"categories":[1],"tags":[],"class_list":["post-13109","post","type-post","status-publish","format-standard","has-post-thumbnail","hentry","category-noticiasdiocesanas"],"_links":{"self":[{"href":"https:\/\/obispadodezaratecampana.org\/index.php?rest_route=\/wp\/v2\/posts\/13109","targetHints":{"allow":["GET"]}}],"collection":[{"href":"https:\/\/obispadodezaratecampana.org\/index.php?rest_route=\/wp\/v2\/posts"}],"about":[{"href":"https:\/\/obispadodezaratecampana.org\/index.php?rest_route=\/wp\/v2\/types\/post"}],"author":[{"embeddable":true,"href":"https:\/\/obispadodezaratecampana.org\/index.php?rest_route=\/wp\/v2\/users\/2"}],"replies":[{"embeddable":true,"href":"https:\/\/obispadodezaratecampana.org\/index.php?rest_route=%2Fwp%2Fv2%2Fcomments&post=13109"}],"version-history":[{"count":1,"href":"https:\/\/obispadodezaratecampana.org\/index.php?rest_route=\/wp\/v2\/posts\/13109\/revisions"}],"predecessor-version":[{"id":13112,"href":"https:\/\/obispadodezaratecampana.org\/index.php?rest_route=\/wp\/v2\/posts\/13109\/revisions\/13112"}],"wp:featuredmedia":[{"embeddable":true,"href":"https:\/\/obispadodezaratecampana.org\/index.php?rest_route=\/wp\/v2\/media\/13110"}],"wp:attachment":[{"href":"https:\/\/obispadodezaratecampana.org\/index.php?rest_route=%2Fwp%2Fv2%2Fmedia&parent=13109"}],"wp:term":[{"taxonomy":"category","embeddable":true,"href":"https:\/\/obispadodezaratecampana.org\/index.php?rest_route=%2Fwp%2Fv2%2Fcategories&post=13109"},{"taxonomy":"post_tag","embeddable":true,"href":"https:\/\/obispadodezaratecampana.org\/index.php?rest_route=%2Fwp%2Fv2%2Ftags&post=13109"}],"curies":[{"name":"wp","href":"https:\/\/api.w.org\/{rel}","templated":true}]}}