{"id":13063,"date":"2016-10-08T11:55:57","date_gmt":"2016-10-08T14:55:57","guid":{"rendered":"http:\/\/obispadodezaratecampana.org\/?p=13063"},"modified":"2016-10-08T12:08:50","modified_gmt":"2016-10-08T15:08:50","slug":"7-de-octubre-virgen-del-rosario","status":"publish","type":"post","link":"https:\/\/obispadodezaratecampana.org\/?p=13063","title":{"rendered":"7 de octubre: Virgen del Rosario"},"content":{"rendered":"<p style=\"text-align: center;\"><strong>MEMORIA DE LA VIRGEN DEL ROSARIO: 7 de octubre<\/strong><\/p>\n<p><a href=\"http:\/\/obispadodezaratecampana.org\/wp-content\/uploads\/2016\/10\/14572754_1371385626205805_8280104942768543724_n-1.jpg\"><img fetchpriority=\"high\" decoding=\"async\" class=\"size-medium wp-image-13064 aligncenter\" src=\"http:\/\/obispadodezaratecampana.org\/wp-content\/uploads\/2016\/10\/14572754_1371385626205805_8280104942768543724_n-1-230x300.jpg\" alt=\"14572754_1371385626205805_8280104942768543724_n-1\" width=\"230\" height=\"300\" srcset=\"https:\/\/obispadodezaratecampana.org\/wp-content\/uploads\/2016\/10\/14572754_1371385626205805_8280104942768543724_n-1-230x300.jpg 230w, https:\/\/obispadodezaratecampana.org\/wp-content\/uploads\/2016\/10\/14572754_1371385626205805_8280104942768543724_n-1.jpg 615w\" sizes=\"(max-width: 230px) 100vw, 230px\" \/><\/a><\/p>\n<p style=\"text-align: justify;\">Queridos amigos, la Iglesia celebra hoy la memoria de Santa Mar\u00eda Virgen del Rosario.<br \/>\nEsta antigua oraci\u00f3n ha sido siempre muy amada por los santos y los pont\u00edfices. Por ejemplo, San Juan Pablo II promovi\u00f3 incesantemente el rezo del rosario, y nos dej\u00f3 esta confidencia: &#8220;El Rosario me ha acompa\u00f1ado en los momentos de alegr\u00eda y en los de tribulaci\u00f3n. A \u00e9l he confiado tantas preocupaciones y en \u00e9l siempre he encontrado consuelo&#8221;.<br \/>\nY tambi\u00e9n: &#8220;El Rosario es mi oraci\u00f3n predilecta. \u00a1Plegaria maravillosa! Maravillosa en su sencillez y en su profundidad&#8221;.<br \/>\nEn el mismo sentido se ha expresado el Papa Francisco, que dice:<br \/>\n&#8220;El Rosario es la oraci\u00f3n que acompa\u00f1a siempre mi vida; es tambi\u00e9n la oraci\u00f3n de los sencillos y de los santos&#8230; es la oraci\u00f3n de mi coraz\u00f3n&#8221;.<br \/>\nEn diversas ocasiones el Papa Francisco ha querido recordar la importancia y la belleza de la oraci\u00f3n del santo Rosario: &#8220;Recitando el Avemar\u00eda, se nos conduce a contemplar los misterios de Jes\u00fas, a reflexionar sobre los momentos centrales de su vida, para que, como para Mar\u00eda y san Jos\u00e9, \u00c9l sea el centro de nuestros pensamientos, de nuestras atenciones y acciones&#8221;.<br \/>\n&#8220;Ser\u00eda hermoso si&#8230; se recitara el santo rosario o alguna oraci\u00f3n a la Virgen Mar\u00eda juntos en familia, con los amigos, en la parroquia&#8230; La oraci\u00f3n que se hace juntos es un momento precioso para hacer a\u00fan m\u00e1s s\u00f3lida la vida familiar, la amistad&#8221;.<br \/>\nEn un comentario les dejamos un enlace a la p\u00e1gina del sitio oficial de la Santa Sede donde aquellos que lo deseen pueden encontrar explicaciones sobre el modo de rezar el rosario.<br \/>\n\u00a1Feliz y bendecido d\u00eda a todos!<\/p>\n<p style=\"text-align: justify;\">Fuente: NEWS.VA 7 de octubre<\/p>\n<!-- AddThis Advanced Settings generic via filter on the_content --><!-- AddThis Share Buttons generic via filter on the_content -->","protected":false},"excerpt":{"rendered":"<p>MEMORIA DE LA VIRGEN DEL ROSARIO: 7 de octubre Queridos amigos, la Iglesia celebra hoy la memoria de Santa Mar\u00eda Virgen del Rosario. Esta antigua [&hellip;]<!-- AddThis Advanced Settings generic via filter on get_the_excerpt --><!-- AddThis Share Buttons generic via filter on get_the_excerpt --><\/p>\n","protected":false},"author":2,"featured_media":13066,"comment_status":"open","ping_status":"open","sticky":false,"template":"","format":"standard","meta":{"footnotes":""},"categories":[166],"tags":[],"class_list":["post-13063","post","type-post","status-publish","format-standard","has-post-thumbnail","hentry","category-santoral"],"_links":{"self":[{"href":"https:\/\/obispadodezaratecampana.org\/index.php?rest_route=\/wp\/v2\/posts\/13063","targetHints":{"allow":["GET"]}}],"collection":[{"href":"https:\/\/obispadodezaratecampana.org\/index.php?rest_route=\/wp\/v2\/posts"}],"about":[{"href":"https:\/\/obispadodezaratecampana.org\/index.php?rest_route=\/wp\/v2\/types\/post"}],"author":[{"embeddable":true,"href":"https:\/\/obispadodezaratecampana.org\/index.php?rest_route=\/wp\/v2\/users\/2"}],"replies":[{"embeddable":true,"href":"https:\/\/obispadodezaratecampana.org\/index.php?rest_route=%2Fwp%2Fv2%2Fcomments&post=13063"}],"version-history":[{"count":1,"href":"https:\/\/obispadodezaratecampana.org\/index.php?rest_route=\/wp\/v2\/posts\/13063\/revisions"}],"predecessor-version":[{"id":13065,"href":"https:\/\/obispadodezaratecampana.org\/index.php?rest_route=\/wp\/v2\/posts\/13063\/revisions\/13065"}],"wp:featuredmedia":[{"embeddable":true,"href":"https:\/\/obispadodezaratecampana.org\/index.php?rest_route=\/wp\/v2\/media\/13066"}],"wp:attachment":[{"href":"https:\/\/obispadodezaratecampana.org\/index.php?rest_route=%2Fwp%2Fv2%2Fmedia&parent=13063"}],"wp:term":[{"taxonomy":"category","embeddable":true,"href":"https:\/\/obispadodezaratecampana.org\/index.php?rest_route=%2Fwp%2Fv2%2Fcategories&post=13063"},{"taxonomy":"post_tag","embeddable":true,"href":"https:\/\/obispadodezaratecampana.org\/index.php?rest_route=%2Fwp%2Fv2%2Ftags&post=13063"}],"curies":[{"name":"wp","href":"https:\/\/api.w.org\/{rel}","templated":true}]}}