{"id":13040,"date":"2016-10-04T21:39:06","date_gmt":"2016-10-05T00:39:06","guid":{"rendered":"http:\/\/obispadodezaratecampana.org\/?p=13040"},"modified":"2016-10-04T21:39:06","modified_gmt":"2016-10-05T00:39:06","slug":"premio-negrito-manuel-al-programa-radial-mision-un-estilo-de-vida","status":"publish","type":"post","link":"https:\/\/obispadodezaratecampana.org\/?p=13040","title":{"rendered":"Premio &#8220;Negrito Manuel&#8221; al programa radial &#8220;Misi\u00f3n, un estilo de Vida&#8221;"},"content":{"rendered":"<h3><span style=\"color: #ff9900;\">Una Buena Noticia para compartir, y un excelente programa para escuchar:<\/span><br \/>\n<span style=\"color: #ff9900;\">El s\u00e1bado 10 de septiembre, fue la entrega de premios &#8220;Negrito Manuel&#8221; y el programa &#8221; MISI\u00d3N, UN ESTILO DE VIDA &#8220;, gan\u00f3 el premio al mejor Programa Religioso a Nivel Nacional. Es conducido por el P. Gabriel Michelli junto con el P. Francisco Liaudat.<\/span><br \/>\n<span style=\"color: #ff9900;\">El mismo es producido por la Fm Santa Mar\u00eda 89.3 de Matheu, Escobar y se trasmite ademas por la Fm Santa Maria de Campana 91.3 y Manuel Alberti 90.3<\/span><\/h3>\n<p><img fetchpriority=\"high\" decoding=\"async\" class=\" wp-image-13041 aligncenter\" src=\"http:\/\/obispadodezaratecampana.org\/wp-content\/uploads\/2016\/10\/14481888_1279137302120604_2990660157549184514_o-300x168.jpg\" alt=\"14481888_1279137302120604_2990660157549184514_o\" width=\"412\" height=\"231\" srcset=\"https:\/\/obispadodezaratecampana.org\/wp-content\/uploads\/2016\/10\/14481888_1279137302120604_2990660157549184514_o-300x168.jpg 300w, https:\/\/obispadodezaratecampana.org\/wp-content\/uploads\/2016\/10\/14481888_1279137302120604_2990660157549184514_o-1024x575.jpg 1024w, https:\/\/obispadodezaratecampana.org\/wp-content\/uploads\/2016\/10\/14481888_1279137302120604_2990660157549184514_o.jpg 1280w\" sizes=\"(max-width: 412px) 100vw, 412px\" \/><\/p>\n<p><img decoding=\"async\" class=\" wp-image-13042 aligncenter\" src=\"http:\/\/obispadodezaratecampana.org\/wp-content\/uploads\/2016\/10\/14589934_1279138212120513_505913879930894875_o-300x168.jpg\" alt=\"14589934_1279138212120513_505913879930894875_o\" width=\"464\" height=\"260\" srcset=\"https:\/\/obispadodezaratecampana.org\/wp-content\/uploads\/2016\/10\/14589934_1279138212120513_505913879930894875_o-300x168.jpg 300w, https:\/\/obispadodezaratecampana.org\/wp-content\/uploads\/2016\/10\/14589934_1279138212120513_505913879930894875_o-1024x575.jpg 1024w, https:\/\/obispadodezaratecampana.org\/wp-content\/uploads\/2016\/10\/14589934_1279138212120513_505913879930894875_o.jpg 1280w\" sizes=\"(max-width: 464px) 100vw, 464px\" \/><\/p>\n<!-- AddThis Advanced Settings generic via filter on the_content --><!-- AddThis Share Buttons generic via filter on the_content -->","protected":false},"excerpt":{"rendered":"<p>Una Buena Noticia para compartir, y un excelente programa para escuchar: El s\u00e1bado 10 de septiembre, fue la entrega de premios &#8220;Negrito Manuel&#8221; y el [&hellip;]<!-- AddThis Advanced Settings generic via filter on get_the_excerpt --><!-- AddThis Share Buttons generic via filter on get_the_excerpt --><\/p>\n","protected":false},"author":2,"featured_media":13041,"comment_status":"open","ping_status":"open","sticky":false,"template":"","format":"standard","meta":{"footnotes":""},"categories":[4,1],"tags":[],"class_list":["post-13040","post","type-post","status-publish","format-standard","has-post-thumbnail","hentry","category-movimientosinstituciones","category-noticiasdiocesanas"],"_links":{"self":[{"href":"https:\/\/obispadodezaratecampana.org\/index.php?rest_route=\/wp\/v2\/posts\/13040","targetHints":{"allow":["GET"]}}],"collection":[{"href":"https:\/\/obispadodezaratecampana.org\/index.php?rest_route=\/wp\/v2\/posts"}],"about":[{"href":"https:\/\/obispadodezaratecampana.org\/index.php?rest_route=\/wp\/v2\/types\/post"}],"author":[{"embeddable":true,"href":"https:\/\/obispadodezaratecampana.org\/index.php?rest_route=\/wp\/v2\/users\/2"}],"replies":[{"embeddable":true,"href":"https:\/\/obispadodezaratecampana.org\/index.php?rest_route=%2Fwp%2Fv2%2Fcomments&post=13040"}],"version-history":[{"count":1,"href":"https:\/\/obispadodezaratecampana.org\/index.php?rest_route=\/wp\/v2\/posts\/13040\/revisions"}],"predecessor-version":[{"id":13043,"href":"https:\/\/obispadodezaratecampana.org\/index.php?rest_route=\/wp\/v2\/posts\/13040\/revisions\/13043"}],"wp:featuredmedia":[{"embeddable":true,"href":"https:\/\/obispadodezaratecampana.org\/index.php?rest_route=\/wp\/v2\/media\/13041"}],"wp:attachment":[{"href":"https:\/\/obispadodezaratecampana.org\/index.php?rest_route=%2Fwp%2Fv2%2Fmedia&parent=13040"}],"wp:term":[{"taxonomy":"category","embeddable":true,"href":"https:\/\/obispadodezaratecampana.org\/index.php?rest_route=%2Fwp%2Fv2%2Fcategories&post=13040"},{"taxonomy":"post_tag","embeddable":true,"href":"https:\/\/obispadodezaratecampana.org\/index.php?rest_route=%2Fwp%2Fv2%2Ftags&post=13040"}],"curies":[{"name":"wp","href":"https:\/\/api.w.org\/{rel}","templated":true}]}}