{"id":13027,"date":"2016-10-01T18:32:47","date_gmt":"2016-10-01T21:32:47","guid":{"rendered":"http:\/\/obispadodezaratecampana.org\/?p=13027"},"modified":"2016-10-01T18:32:47","modified_gmt":"2016-10-01T21:32:47","slug":"que-dios-te-conceda-su-paz-saludo-a-la-comunidad-judia","status":"publish","type":"post","link":"https:\/\/obispadodezaratecampana.org\/?p=13027","title":{"rendered":"Que Dios te conceda su Paz: Saludo a la Comunidad Jud\u00eda"},"content":{"rendered":"<div class=\"_5wj-\" dir=\"rtl\">\n<div class=\"_5wj-\" dir=\"rtl\" style=\"text-align: center;\"><\/div>\n<\/div>\n<p><img fetchpriority=\"high\" decoding=\"async\" class=\" wp-image-13028 aligncenter\" src=\"http:\/\/obispadodezaratecampana.org\/wp-content\/uploads\/2016\/10\/14519703_1146004448807239_7307911971945924924_n.jpg\" alt=\"14519703_1146004448807239_7307911971945924924_n\" width=\"288\" height=\"291\" \/><\/p>\n<h2 style=\"text-align: justify;\"><span style=\"color: #993300;\">Queridos Hermanos :\u00a0<\/span><\/h2>\n<h2 style=\"text-align: justify;\"><span style=\"color: #993300;\">\u00a0<\/span><br \/>\n<span style=\"color: #993300;\">Al Comenzar, el 2 de octubre de 2016, al atardecer el A\u00f1o Nuevo Jud\u00edo 5777, Rosh Hashan\u00e1, les deseo una Feliz Celebraci\u00f3n. Shana To.<\/span><br \/>\n<span style=\"color: #993300;\">Shalom- Nestor Daniel Villa en nombre del padre obispo Pedro Mar\u00eda, y de la feligres\u00eda cat\u00f3lica de Campana.<\/span><\/h2>\n<p><em><span style=\"color: #993300;\">Fuente de la publicaci\u00f3n perfil de facebook del Padre Nestor Villa Calvo:\u00a0<\/span><\/em><\/p>\n<p><em><span style=\"color: #993300;\">https:\/\/www.facebook.com\/photo.php?fbid=1146004448807239&amp;set=a.479452828795741.1073741827.100001930838902&amp;type=3&amp;theater<\/span><\/em><\/p>\n<p>&nbsp;<\/p>\n<!-- AddThis Advanced Settings generic via filter on the_content --><!-- AddThis Share Buttons generic via filter on the_content -->","protected":false},"excerpt":{"rendered":"<p>Queridos Hermanos :\u00a0 \u00a0 Al Comenzar, el 2 de octubre de 2016, al atardecer el A\u00f1o Nuevo Jud\u00edo 5777, Rosh Hashan\u00e1, les deseo una Feliz [&hellip;]<!-- AddThis Advanced Settings generic via filter on get_the_excerpt --><!-- AddThis Share Buttons generic via filter on get_the_excerpt --><\/p>\n","protected":false},"author":2,"featured_media":13028,"comment_status":"open","ping_status":"open","sticky":false,"template":"","format":"standard","meta":{"footnotes":""},"categories":[5,1],"tags":[],"class_list":["post-13027","post","type-post","status-publish","format-standard","has-post-thumbnail","hentry","category-generales","category-noticiasdiocesanas"],"_links":{"self":[{"href":"https:\/\/obispadodezaratecampana.org\/index.php?rest_route=\/wp\/v2\/posts\/13027","targetHints":{"allow":["GET"]}}],"collection":[{"href":"https:\/\/obispadodezaratecampana.org\/index.php?rest_route=\/wp\/v2\/posts"}],"about":[{"href":"https:\/\/obispadodezaratecampana.org\/index.php?rest_route=\/wp\/v2\/types\/post"}],"author":[{"embeddable":true,"href":"https:\/\/obispadodezaratecampana.org\/index.php?rest_route=\/wp\/v2\/users\/2"}],"replies":[{"embeddable":true,"href":"https:\/\/obispadodezaratecampana.org\/index.php?rest_route=%2Fwp%2Fv2%2Fcomments&post=13027"}],"version-history":[{"count":1,"href":"https:\/\/obispadodezaratecampana.org\/index.php?rest_route=\/wp\/v2\/posts\/13027\/revisions"}],"predecessor-version":[{"id":13029,"href":"https:\/\/obispadodezaratecampana.org\/index.php?rest_route=\/wp\/v2\/posts\/13027\/revisions\/13029"}],"wp:featuredmedia":[{"embeddable":true,"href":"https:\/\/obispadodezaratecampana.org\/index.php?rest_route=\/wp\/v2\/media\/13028"}],"wp:attachment":[{"href":"https:\/\/obispadodezaratecampana.org\/index.php?rest_route=%2Fwp%2Fv2%2Fmedia&parent=13027"}],"wp:term":[{"taxonomy":"category","embeddable":true,"href":"https:\/\/obispadodezaratecampana.org\/index.php?rest_route=%2Fwp%2Fv2%2Fcategories&post=13027"},{"taxonomy":"post_tag","embeddable":true,"href":"https:\/\/obispadodezaratecampana.org\/index.php?rest_route=%2Fwp%2Fv2%2Ftags&post=13027"}],"curies":[{"name":"wp","href":"https:\/\/api.w.org\/{rel}","templated":true}]}}