{"id":13024,"date":"2016-10-01T18:11:58","date_gmt":"2016-10-01T21:11:58","guid":{"rendered":"http:\/\/obispadodezaratecampana.org\/?p=13024"},"modified":"2016-10-01T18:11:58","modified_gmt":"2016-10-01T21:11:58","slug":"francisco-saludo-a-la-comunidad-judia-con-motivo-de-sus-festividades","status":"publish","type":"post","link":"https:\/\/obispadodezaratecampana.org\/?p=13024","title":{"rendered":"Francisco salud\u00f3 a la comunidad jud\u00eda con motivo de sus festividades"},"content":{"rendered":"<p><strong>Francisco salud\u00f3 a la comunidad jud\u00eda con motivo de sus festividades<\/strong><br \/>\nSabado 1 Oct 2016 | 09:22 am<\/p>\n<p><img fetchpriority=\"high\" decoding=\"async\" class=\" wp-image-13025 aligncenter\" src=\"http:\/\/obispadodezaratecampana.org\/wp-content\/uploads\/2016\/10\/francisco-300x196.jpg\" alt=\"francisco\" width=\"463\" height=\"263\" \/><\/p>\n<pre style=\"text-align: center;\"><em><span style=\"color: #000000;\">El Papa junto al rabino Riccardo di Segni durante su visita a la Sinagoga de Roma en enero 2016<\/span><\/em><\/pre>\n<p style=\"text-align: justify;\">Ciudad del Vaticano (AICA): Por medio de una carta, enviada al rabino de la comunidad jud\u00eda de Roma, Riccardo di Segni, el papa Francisco hizo hizo llegar sus felicitaciones a las comunidades jud\u00edas de Roma, en ocasi\u00f3n de las festividades de Rosh Hashan\u00e1 5777 (a\u00f1o nuevo jud\u00edo), Yom Kippur (D\u00eda del perd\u00f3n) y Sucot (Fiesta de las caba\u00f1as o de los tabern\u00e1culos).<\/p>\n<p>En el mensaje, fechado 28 de setiembre, el pont\u00edfice extiende tambi\u00e9n \u201clas m\u00e1s sentidas felicitaciones a las comunidades jud\u00edas del mundo, \u201ccon el deseo de que las inminentes fiestas sean para todos, presagio de abundantes bendiciones\u201d.<\/p>\n<p>\u201cQue el Alt\u00edsimo nos conceda la paz y el incansable deseo de promoverla\u201d \u2013concluye el pont\u00edfice\u2013 y \u201cen su eterna misericordia, done esperanza y serenidad a nuestros d\u00edas y refuerce los cordiales v\u00ednculos de amistad entre nosotros\u201d. +<\/p>\n<!-- AddThis Advanced Settings generic via filter on the_content --><!-- AddThis Share Buttons generic via filter on the_content -->","protected":false},"excerpt":{"rendered":"<p>Francisco salud\u00f3 a la comunidad jud\u00eda con motivo de sus festividades Sabado 1 Oct 2016 | 09:22 am El Papa junto al rabino Riccardo di [&hellip;]<!-- AddThis Advanced Settings generic via filter on get_the_excerpt --><!-- AddThis Share Buttons generic via filter on get_the_excerpt --><\/p>\n","protected":false},"author":2,"featured_media":13025,"comment_status":"open","ping_status":"open","sticky":false,"template":"","format":"standard","meta":{"footnotes":""},"categories":[161,1],"tags":[],"class_list":["post-13024","post","type-post","status-publish","format-standard","has-post-thumbnail","hentry","category-el-papa-leonxiv","category-noticiasdiocesanas"],"_links":{"self":[{"href":"https:\/\/obispadodezaratecampana.org\/index.php?rest_route=\/wp\/v2\/posts\/13024","targetHints":{"allow":["GET"]}}],"collection":[{"href":"https:\/\/obispadodezaratecampana.org\/index.php?rest_route=\/wp\/v2\/posts"}],"about":[{"href":"https:\/\/obispadodezaratecampana.org\/index.php?rest_route=\/wp\/v2\/types\/post"}],"author":[{"embeddable":true,"href":"https:\/\/obispadodezaratecampana.org\/index.php?rest_route=\/wp\/v2\/users\/2"}],"replies":[{"embeddable":true,"href":"https:\/\/obispadodezaratecampana.org\/index.php?rest_route=%2Fwp%2Fv2%2Fcomments&post=13024"}],"version-history":[{"count":1,"href":"https:\/\/obispadodezaratecampana.org\/index.php?rest_route=\/wp\/v2\/posts\/13024\/revisions"}],"predecessor-version":[{"id":13026,"href":"https:\/\/obispadodezaratecampana.org\/index.php?rest_route=\/wp\/v2\/posts\/13024\/revisions\/13026"}],"wp:featuredmedia":[{"embeddable":true,"href":"https:\/\/obispadodezaratecampana.org\/index.php?rest_route=\/wp\/v2\/media\/13025"}],"wp:attachment":[{"href":"https:\/\/obispadodezaratecampana.org\/index.php?rest_route=%2Fwp%2Fv2%2Fmedia&parent=13024"}],"wp:term":[{"taxonomy":"category","embeddable":true,"href":"https:\/\/obispadodezaratecampana.org\/index.php?rest_route=%2Fwp%2Fv2%2Fcategories&post=13024"},{"taxonomy":"post_tag","embeddable":true,"href":"https:\/\/obispadodezaratecampana.org\/index.php?rest_route=%2Fwp%2Fv2%2Ftags&post=13024"}],"curies":[{"name":"wp","href":"https:\/\/api.w.org\/{rel}","templated":true}]}}