{"id":13003,"date":"2016-10-01T12:39:15","date_gmt":"2016-10-01T15:39:15","guid":{"rendered":"http:\/\/obispadodezaratecampana.org\/?p=13003"},"modified":"2016-10-01T18:54:37","modified_gmt":"2016-10-01T21:54:37","slug":"26-de-septiembre-video-mensaje-del-papa-francisco-al-pueblo-argentino","status":"publish","type":"post","link":"https:\/\/obispadodezaratecampana.org\/?p=13003","title":{"rendered":"26 de septiembre: Video Mensaje del Papa Francisco al Pueblo Argentino"},"content":{"rendered":"<p style=\"text-align: justify;\"><span style=\"color: #000080;\"><img fetchpriority=\"high\" decoding=\"async\" class=\" wp-image-13005 aligncenter\" src=\"http:\/\/obispadodezaratecampana.org\/wp-content\/uploads\/2016\/09\/francis-300x198.jpg\" alt=\"francis\" width=\"527\" height=\"348\" srcset=\"https:\/\/obispadodezaratecampana.org\/wp-content\/uploads\/2016\/09\/francis-300x198.jpg 300w, https:\/\/obispadodezaratecampana.org\/wp-content\/uploads\/2016\/09\/francis.jpg 950w\" sizes=\"(max-width: 527px) 100vw, 527px\" \/><\/span><\/p>\n<p style=\"text-align: justify;\"><strong><span style=\"color: #000080;\">MENSAJE DEL PAPA AL PUEBLO ARGENTINO<\/span><\/strong><\/p>\n<p style=\"text-align: justify;\">\n<span style=\"color: #000080;\">Queridos hermanos y hermanas:<\/span><br \/>\n<span style=\"color: #000080;\">En este a\u00f1o en que todav\u00eda estamos respirando el ambiente de los festejos del Bicentenario, suceden dos hechos que hacen a nuestra historia, dos hechos que son muy importantes y muy fuertes, y que yo valoro mucho: uno es la beatificaci\u00f3n de Mama Antula, una mujer que ayud\u00f3 a consolidar la Argentina profunda y el otro es la pr\u00f3xima canonizaci\u00f3n del Cura Brochero, ese cura gaucho que tuvo compasi\u00f3n de sus queridos serranos y luch\u00f3 por su dignificaci\u00f3n.<\/span><br \/>\n<span style=\"color: #000080;\">Est\u00e1 de m\u00e1s decir que yo hubiera querido ir a Argentina a beatificar a Mama Antula y a canonizar al Cura Brochero, pero no pude hacerlo, no es posible. Ustedes no saben cu\u00e1nto me gustar\u00eda volver a verlos. Y tampoco podr\u00e9 hacerlo el a\u00f1o pr\u00f3ximo porque ya est\u00e1n compromisos fijados para Asia, \u00c1frica, y el mundo es m\u00e1s grande que Argentina, y bueno, pero hay que dividirse, dejo en manos del Se\u00f1or que \u00c9l me indique la fecha. Pero teniendo en cuenta estos acontecimientos y teniendo en cuenta que el a\u00f1o que viene tampoco voy a poder ir, opt\u00e9 por comunicarme con ustedes de esta manera.<\/span><br \/>\n<span style=\"color: #000080;\">Para m\u00ed el pueblo argentino es mi pueblo, ustedes son importantes, yo sigo siendo argentino, yo todav\u00eda viajo con pasaporte argentino. Estoy convencido que como pueblo son el mayor tesoro que tiene nuestra Patria. Cuando recibo cartas de ustedes, tantas que no a todas puedo responder, seguramente una que otra para hacerme presente, me consuelo, me da gozo y eso me lleva a rezar y rezo por ustedes en la Misa, por las necesidades de ustedes, por cada uno m\u00e1s de ustedes. Es el amor a la Patria que me lleva a eso y es lo que me lleva tambi\u00e9n a pedirles, una vez m\u00e1s, que se pongan la Patria al hombro, esa Patria que necesita que cada uno de nosotros le entreguemos lo mejor de nosotros mismos, para mejorar, crecer, madurar. Y esto nos har\u00e1 lograr esa cultura del encuentro que supera todas estas culturas del descarte que hoy en el mundo se ofrecen por todas partes. Una cultura del encuentro donde cada uno tenga su lugar, que todo el mundo pueda vivir con dignidad y que se pueda expresar pac\u00edficamente sin ser insultado o condenado, o agredido, o descartado. Esa cultura del encuentro que todos tenemos que ir buscando, con la oraci\u00f3n y la buena voluntad.<\/span><br \/>\n<span style=\"color: #000080;\">A m\u00ed me llama la atenci\u00f3n que a la Argentina se le alaba por su geograf\u00eda, su riqueza, Tenemos de todo: monta\u00f1as, bosques, llanuras, costas, todas las riquezas en miner\u00eda. Tenemos todo. \u00a1Qu\u00e9 pa\u00eds rico! Pero la riqueza m\u00e1s grande que tiene nuestra Patria es el pueblo, ese pueblo que sabe ser solidario, que sabe caminar uno junto a otro, que sabe ayudarse, que sabe respetarse, es ese pueblo argentino que no se marea, que sabe encontrar sabidur\u00eda, y cuando se marea, los otros lo ayudan a que se le vaya el mareo. Yo a ese pueblo argentino lo respeto, lo quiero, lo llevo en mi coraz\u00f3n, es la riqueza m\u00e1s grande de nuestra Patria. Y aunque no podamos estrecharnos la mano, cuenten con mi memoria y mi oraci\u00f3n para que el Se\u00f1or los haga crecer como pueblo. Pueblo que se reencuentra, trabaja unido y busca la grandeza de la Patria, esa Patria que es propia, es nuestra, no es de los otros, es nuestra. Gracias por todo lo bueno que hacen cada d\u00eda. Que el Se\u00f1or los bendiga.<\/span><br \/>\n<span style=\"color: #000080;\">Estamos en el A\u00f1o de la Misericordia, y como despedida de esta charla, de este mon\u00f3logo pero que quiere ser una charla, me atrevo a proponerles, como las maestras de antes, los deberes para la casa. Les propongo que en este A\u00f1o de la Misericordia hagan alguna obra de misericordia todos los d\u00edas o cada dos d\u00edas si no pueden todos los d\u00edas; y no se enojen si yo se las leo para record\u00e1rselas. Est\u00e1n las obras de misericordia corporales y las espirituales. En su mayor\u00eda, se toman una lista que el Se\u00f1or hace en las Bienaventuranzas, en Mateo 25, en todo el Evangelio. Son obras concretas de misericordia que si cada uno de nosotros hace una al d\u00eda o una cada dos d\u00edas, el bien, el bien, que haremos a nuestro pueblo:<\/span><br \/>\n<span style=\"color: #000080;\">&#8211; Visitar a un enfermo, visitar a los enfermos, es una obra de misericordia;<\/span><br \/>\n<span style=\"color: #000080;\">&#8211; Dar de comer al hambriento. Hay gente que tiene hambre;<\/span><br \/>\n<span style=\"color: #000080;\">&#8211; Dar de beber al sediento, tiene sed material y espiritual, a veces;<\/span><br \/>\n<span style=\"color: #000080;\">&#8211; Dar posada al peregrino, es decir, darle lugar al que no tiene casa, al que no tiene techo;<\/span><br \/>\n<span style=\"color: #000080;\">&#8211; Vestir al desnudo, es decir, que la gente tenga vestido, que no pase frio en invierno;<\/span><br \/>\n<span style=\"color: #000080;\">&#8211; Visitar a los presos. Tantas veces la Iglesia insiste sobre esto;<\/span><br \/>\n<span style=\"color: #000080;\">&#8211; Y enterrar a los difuntos.<\/span><br \/>\n<span style=\"color: #000080;\">Estas ser\u00edan las siete obras de misericordia corporales, y otras siete espirituales:<\/span><br \/>\n<span style=\"color: #000080;\">&#8211; Ense\u00f1ar al que no sabe;<\/span><br \/>\n<span style=\"color: #000080;\">&#8211; Dar un buen consejo al que lo necesita;<\/span><br \/>\n<span style=\"color: #000080;\">&#8211; Corregir al que se equivoca;<\/span><br \/>\n<span style=\"color: #000080;\">&#8211; Perdonar al que nos ofende. \u00a1Qu\u00e9 dif\u00edcil es perdonar! Todos hoy en el mundo necesitamos perdonar mucho y ser perdonados;<\/span><br \/>\n<span style=\"color: #000080;\">&#8211; Consolar al que est\u00e1 triste;<\/span><br \/>\n<span style=\"color: #000080;\">&#8211; Sufrir con paciencia los defectos del pr\u00f3jimo. Hay gente que a veces nos hace perder la paciencia, y sufrir con paciencia sus defectos, es una obra de misericordia;<\/span><br \/>\n<span style=\"color: #000080;\">-Y rezar a Dios por los vivos y por los muertos.<\/span><br \/>\n<span style=\"color: #000080;\">No s\u00e9 queridos hermanos, queridos compatriotas, me siento habl\u00e1ndoles como en casa, me acerco a ustedes en esta ocasi\u00f3n, donde todav\u00eda se respiran los aires de los festejos del Bicentenario y donde est\u00e1n estos dos hechos de la canonizaci\u00f3n del Cura Brochero y la beatificaci\u00f3n de Mama Antula, dos personas, un hombre y una mujer, que trabajaron por la Patria y por la evangelizaci\u00f3n. As\u00ed que en medio de todo esto los saludo, les doy mi cari\u00f1o, y les digo \u2013 parece un poco raro, pero lo estiro el tiempo como el el\u00e1stico- hasta pronto, y no se olviden de rezar por m\u00ed. Gracias. (RADIO VATICANA). Papa Francisco<\/span><\/p>\n<!-- AddThis Advanced Settings generic via filter on the_content --><!-- AddThis Share Buttons generic via filter on the_content -->","protected":false},"excerpt":{"rendered":"<p>MENSAJE DEL PAPA AL PUEBLO ARGENTINO Queridos hermanos y hermanas: En este a\u00f1o en que todav\u00eda estamos respirando el ambiente de los festejos del Bicentenario, [&hellip;]<!-- AddThis Advanced Settings generic via filter on get_the_excerpt --><!-- AddThis Share Buttons generic via filter on get_the_excerpt --><\/p>\n","protected":false},"author":2,"featured_media":13005,"comment_status":"open","ping_status":"open","sticky":false,"template":"","format":"video","meta":{"footnotes":""},"categories":[1,8],"tags":[],"class_list":["post-13003","post","type-post","status-publish","format-video","has-post-thumbnail","hentry","category-noticiasdiocesanas","category-videos","post_format-post-format-video"],"_links":{"self":[{"href":"https:\/\/obispadodezaratecampana.org\/index.php?rest_route=\/wp\/v2\/posts\/13003","targetHints":{"allow":["GET"]}}],"collection":[{"href":"https:\/\/obispadodezaratecampana.org\/index.php?rest_route=\/wp\/v2\/posts"}],"about":[{"href":"https:\/\/obispadodezaratecampana.org\/index.php?rest_route=\/wp\/v2\/types\/post"}],"author":[{"embeddable":true,"href":"https:\/\/obispadodezaratecampana.org\/index.php?rest_route=\/wp\/v2\/users\/2"}],"replies":[{"embeddable":true,"href":"https:\/\/obispadodezaratecampana.org\/index.php?rest_route=%2Fwp%2Fv2%2Fcomments&post=13003"}],"version-history":[{"count":4,"href":"https:\/\/obispadodezaratecampana.org\/index.php?rest_route=\/wp\/v2\/posts\/13003\/revisions"}],"predecessor-version":[{"id":13030,"href":"https:\/\/obispadodezaratecampana.org\/index.php?rest_route=\/wp\/v2\/posts\/13003\/revisions\/13030"}],"wp:featuredmedia":[{"embeddable":true,"href":"https:\/\/obispadodezaratecampana.org\/index.php?rest_route=\/wp\/v2\/media\/13005"}],"wp:attachment":[{"href":"https:\/\/obispadodezaratecampana.org\/index.php?rest_route=%2Fwp%2Fv2%2Fmedia&parent=13003"}],"wp:term":[{"taxonomy":"category","embeddable":true,"href":"https:\/\/obispadodezaratecampana.org\/index.php?rest_route=%2Fwp%2Fv2%2Fcategories&post=13003"},{"taxonomy":"post_tag","embeddable":true,"href":"https:\/\/obispadodezaratecampana.org\/index.php?rest_route=%2Fwp%2Fv2%2Ftags&post=13003"}],"curies":[{"name":"wp","href":"https:\/\/api.w.org\/{rel}","templated":true}]}}