{"id":12992,"date":"2016-09-29T15:02:19","date_gmt":"2016-09-29T18:02:19","guid":{"rendered":"http:\/\/obispadodezaratecampana.org\/?p=12992"},"modified":"2016-09-29T15:02:19","modified_gmt":"2016-09-29T18:02:19","slug":"8-y-9-de-octubre-colecta-mundial-por-las-misiones-en-parroquias-capillas-e-instituciones-catolicas","status":"publish","type":"post","link":"https:\/\/obispadodezaratecampana.org\/?p=12992","title":{"rendered":"8 y 9 de octubre: Colecta Mundial por las Misiones en parroquias, capillas e instituciones cat\u00f3licas"},"content":{"rendered":"<p><span style=\"color: #993300;\"><img fetchpriority=\"high\" decoding=\"async\" class=\" wp-image-12993 aligncenter\" src=\"http:\/\/obispadodezaratecampana.org\/wp-content\/uploads\/2016\/09\/Misiones-229x300.jpg\" alt=\"misiones\" width=\"411\" height=\"366\" \/><\/span><\/p>\n<p><strong><span style=\"color: #993300;\">\u00a0 \u00a0 \u00a0 \u00a0 \u00a0 \u00a0 \u00a0 \u00a0 \u00a0 \u00a0 \u00a0 \u00a0 \u00a0 \u00a0 \u00a0 \u00a0 \u00a0 \u00a0 \u00a0 \u00a0 \u00a0 \u00a0 \u00a0 \u00a0 \u00a0 \u00a0 \u00a0 \u00a0 \u00a0 \u00a0 \u00a0 \u00a0 \u00a0 \u00a0 \u00a0 \u00a0 \u00a0 \u00a0 \u00a0 <\/span><\/strong><span style=\"color: #993300;\">\u00a0<strong>Misericordiosos como el Padre, misioneros con Jes\u00fas<\/strong><\/span><\/p>\n<p style=\"text-align: justify;\"><span style=\"color: #993300;\">El pr\u00f3ximo s\u00e1bado 1\u00ba de octubre se dar\u00e1 inicio al mes designado mundialmente para rezar y colaborar con las misiones y los misioneros que repartidos en todo el mundo, dejaron su casa y sus costumbres para llevar a cabo el pedido del Se\u00f1or: \u00abVayan y hagan disc\u00edpulos a toda la gente\u00bb (Mt 28,19).<\/span><br \/>\n<span style=\"color: #993300;\">El inicio del mes de las misiones y las actividades programadas para animarlo se realizar\u00e1 con la celebraci\u00f3n de una Misa a las 18.00 hs. en el Monasterio de Santa Teresa de Jes\u00fas (Potos\u00ed 4049 en el Barrio de Almagro) y ser\u00e1 presidida por el director de OMP Argentina P. Dante De Sanzzi.<\/span><br \/>\n<span style=\"color: #993300;\">El lema elegido para este a\u00f1o es \u201cMisericordiosos como el Padre, misioneros con Jes\u00fas\u201d. El epicentro ser\u00e1 la Jornada Mundial por las Misiones, que en Argentina se celebra el segundo fin de semana de octubre. Esos d\u00edas tendr\u00e1 lugar en todas las parroquias y comunidades del pa\u00eds la Colecta por las misiones destinada al Fondo Universal de Solidaridad para sostener los programas de asistencia en todo el mundo. Este fondo, constituido por cientos de miles de donativos procedentes de toda la Iglesia, atiende los 1.103 territorios de misi\u00f3n (37% de la Iglesia cat\u00f3lica).<\/span><br \/>\n<span style=\"color: #993300;\">Para m\u00e1s informaci\u00f3n y maneras de donar: \u00a0<a title=\"omp\" href=\"http:\/\/www.ompargentina.org.ar\/DOMUND16\/index16.html\" target=\"_blank\"><span style=\"color: #993300;\">http:\/\/www.ompargentina.org.ar\/DOMUND16\/index16.html<\/span><\/a><\/span><br \/>\n<span style=\"color: #993300;\">Durante el mes de octubre tambi\u00e9n se realizar\u00e1 la Cadena del Rosario Misionero. De esta manera la cooperaci\u00f3n espiritual por las misiones se hace realidad pidiendo la intercesi\u00f3n de la Virgen Mar\u00eda. \u201cNuevamente pedimos desde las Obras Misionales Pontificias esta ayuda con la oraci\u00f3n. Que todas nuestras di\u00f3cesis, a lo largo y a lo ancho del pa\u00eds podamos unirnos pidiendo la alegr\u00eda y capacidad de salir de nosotros mismos para llegar a los dem\u00e1s, principalmente alejados y enfermos\u201d, expresa el P. De Sanzzi en una carta para invitar a unirse al rezo del Santo Rosario. Y agrega que \u201csabemos de la generosidad de nuestra gente y de la piedad popular. Que no se apague el Esp\u00edritu Santo de Dios. Imitemos la jornada de Pentecost\u00e9s, donde la Madre de Dios impulsa a los disc\u00edpulos, primeros misioneros de su Hijo, a sostenerse con la oraci\u00f3n\u201d.<\/span><\/p>\n<div class=\"itemFullText\">\n<p><span style=\"color: #993300;\">Para m\u00e1s informaci\u00f3n sobre la Cadena del Rosario Misionero:\u00a0<a style=\"color: #e32b2e;\" href=\"http:\/\/www.ompargentina.org.ar\/DOMUND16\/index16.html#team\"><span style=\"color: #993300;\">http:\/\/www.ompargentina.org.ar\/DOMUND16\/index16.html#team<\/span><\/a><\/span><\/p>\n<\/div>\n<div class=\"clr\"><span style=\"color: #ff6600;\">\u00a0<\/span><\/div>\n<div class=\"clr\"><span style=\"color: #ff6600;\">\u00a0<\/span><\/div>\n<p class=\"itemLinks\" style=\"color: #555555;\"><br class=\"Apple-interchange-newline\" \/><\/p>\n<!-- AddThis Advanced Settings generic via filter on the_content --><!-- AddThis Share Buttons generic via filter on the_content -->","protected":false},"excerpt":{"rendered":"<p>\u00a0 \u00a0 \u00a0 \u00a0 \u00a0 \u00a0 \u00a0 \u00a0 \u00a0 \u00a0 \u00a0 \u00a0 \u00a0 \u00a0 \u00a0 \u00a0 \u00a0 \u00a0 \u00a0 \u00a0 \u00a0 \u00a0 \u00a0 \u00a0 \u00a0 [&hellip;]<!-- AddThis Advanced Settings generic via filter on get_the_excerpt --><!-- AddThis Share Buttons generic via filter on get_the_excerpt --><\/p>\n","protected":false},"author":2,"featured_media":12993,"comment_status":"open","ping_status":"open","sticky":false,"template":"","format":"standard","meta":{"footnotes":""},"categories":[5,1],"tags":[],"class_list":["post-12992","post","type-post","status-publish","format-standard","has-post-thumbnail","hentry","category-generales","category-noticiasdiocesanas"],"_links":{"self":[{"href":"https:\/\/obispadodezaratecampana.org\/index.php?rest_route=\/wp\/v2\/posts\/12992","targetHints":{"allow":["GET"]}}],"collection":[{"href":"https:\/\/obispadodezaratecampana.org\/index.php?rest_route=\/wp\/v2\/posts"}],"about":[{"href":"https:\/\/obispadodezaratecampana.org\/index.php?rest_route=\/wp\/v2\/types\/post"}],"author":[{"embeddable":true,"href":"https:\/\/obispadodezaratecampana.org\/index.php?rest_route=\/wp\/v2\/users\/2"}],"replies":[{"embeddable":true,"href":"https:\/\/obispadodezaratecampana.org\/index.php?rest_route=%2Fwp%2Fv2%2Fcomments&post=12992"}],"version-history":[{"count":1,"href":"https:\/\/obispadodezaratecampana.org\/index.php?rest_route=\/wp\/v2\/posts\/12992\/revisions"}],"predecessor-version":[{"id":12994,"href":"https:\/\/obispadodezaratecampana.org\/index.php?rest_route=\/wp\/v2\/posts\/12992\/revisions\/12994"}],"wp:featuredmedia":[{"embeddable":true,"href":"https:\/\/obispadodezaratecampana.org\/index.php?rest_route=\/wp\/v2\/media\/12993"}],"wp:attachment":[{"href":"https:\/\/obispadodezaratecampana.org\/index.php?rest_route=%2Fwp%2Fv2%2Fmedia&parent=12992"}],"wp:term":[{"taxonomy":"category","embeddable":true,"href":"https:\/\/obispadodezaratecampana.org\/index.php?rest_route=%2Fwp%2Fv2%2Fcategories&post=12992"},{"taxonomy":"post_tag","embeddable":true,"href":"https:\/\/obispadodezaratecampana.org\/index.php?rest_route=%2Fwp%2Fv2%2Ftags&post=12992"}],"curies":[{"name":"wp","href":"https:\/\/api.w.org\/{rel}","templated":true}]}}