{"id":12921,"date":"2016-09-15T08:00:02","date_gmt":"2016-09-15T11:00:02","guid":{"rendered":"http:\/\/obispadodezaratecampana.org\/?p=12921"},"modified":"2016-09-15T20:05:56","modified_gmt":"2016-09-15T23:05:56","slug":"15-de-septiembre-nuestra-senora-de-los-dolores","status":"publish","type":"post","link":"https:\/\/obispadodezaratecampana.org\/?p=12921","title":{"rendered":"15 de septiembre: Nuestra Se\u00f1ora de los Dolores"},"content":{"rendered":"<p><img fetchpriority=\"high\" decoding=\"async\" class=\" wp-image-12922 aligncenter\" src=\"http:\/\/obispadodezaratecampana.org\/wp-content\/uploads\/2016\/09\/dolores-300x166.jpg\" alt=\"dolores\" width=\"443\" height=\"245\" srcset=\"https:\/\/obispadodezaratecampana.org\/wp-content\/uploads\/2016\/09\/dolores-300x166.jpg 300w, https:\/\/obispadodezaratecampana.org\/wp-content\/uploads\/2016\/09\/dolores.jpg 900w\" sizes=\"(max-width: 443px) 100vw, 443px\" \/><\/p>\n<p>Por dos veces durante el a\u00f1o, la Iglesia conmemora los dolores de la Sant\u00edsima Virgen que es el de la Semana de la Pasi\u00f3n y tambi\u00e9n hoy, 15 de setiembre.<\/p>\n<p>La primera de estas conmemoraciones es la m\u00e1s antigua, puesto que se instituy\u00f3 en Colonia y en otras partes de Europa en el siglo XV y cuando la festividad se extendi\u00f3 por toda la Iglesia, en 1727, con el nombre de los Siete Dolores, se mantuvo la referencia original de la Misa y del oficio de la Crucifixi\u00f3n del Se\u00f1or.<\/p>\n<p>En la Edad Media hab\u00eda una devoci\u00f3n popular por los cinco gozos de la Virgen Madre, y por la misma \u00e9poca se complement\u00f3 esa devoci\u00f3n con otra fiesta en honor a sus cinco dolores durante la Pasi\u00f3n. M\u00e1s adelante, las penas de la Virgen Mar\u00eda aumentaron a siete, y no s\u00f3lo comprendieron su marcha hacia el Calvario, sino su vida entera. A los frailes servitas, que desde su fundaci\u00f3n tuvieron particular devoci\u00f3n por los sufrimientos de Mar\u00eda, se les autoriz\u00f3 para que celebraran una festividad en memoria de los Siete Dolores, el tercer domingo de setiembre de todos los a\u00f1os.<\/p>\n<p>Fuente: ACIPRENSA<\/p>\n<!-- AddThis Advanced Settings generic via filter on the_content --><!-- AddThis Share Buttons generic via filter on the_content -->","protected":false},"excerpt":{"rendered":"<p>Por dos veces durante el a\u00f1o, la Iglesia conmemora los dolores de la Sant\u00edsima Virgen que es el de la Semana de la Pasi\u00f3n y [&hellip;]<!-- AddThis Advanced Settings generic via filter on get_the_excerpt --><!-- AddThis Share Buttons generic via filter on get_the_excerpt --><\/p>\n","protected":false},"author":2,"featured_media":12922,"comment_status":"open","ping_status":"open","sticky":false,"template":"","format":"standard","meta":{"footnotes":""},"categories":[166],"tags":[],"class_list":["post-12921","post","type-post","status-publish","format-standard","has-post-thumbnail","hentry","category-santoral"],"_links":{"self":[{"href":"https:\/\/obispadodezaratecampana.org\/index.php?rest_route=\/wp\/v2\/posts\/12921","targetHints":{"allow":["GET"]}}],"collection":[{"href":"https:\/\/obispadodezaratecampana.org\/index.php?rest_route=\/wp\/v2\/posts"}],"about":[{"href":"https:\/\/obispadodezaratecampana.org\/index.php?rest_route=\/wp\/v2\/types\/post"}],"author":[{"embeddable":true,"href":"https:\/\/obispadodezaratecampana.org\/index.php?rest_route=\/wp\/v2\/users\/2"}],"replies":[{"embeddable":true,"href":"https:\/\/obispadodezaratecampana.org\/index.php?rest_route=%2Fwp%2Fv2%2Fcomments&post=12921"}],"version-history":[{"count":1,"href":"https:\/\/obispadodezaratecampana.org\/index.php?rest_route=\/wp\/v2\/posts\/12921\/revisions"}],"predecessor-version":[{"id":12923,"href":"https:\/\/obispadodezaratecampana.org\/index.php?rest_route=\/wp\/v2\/posts\/12921\/revisions\/12923"}],"wp:featuredmedia":[{"embeddable":true,"href":"https:\/\/obispadodezaratecampana.org\/index.php?rest_route=\/wp\/v2\/media\/12922"}],"wp:attachment":[{"href":"https:\/\/obispadodezaratecampana.org\/index.php?rest_route=%2Fwp%2Fv2%2Fmedia&parent=12921"}],"wp:term":[{"taxonomy":"category","embeddable":true,"href":"https:\/\/obispadodezaratecampana.org\/index.php?rest_route=%2Fwp%2Fv2%2Fcategories&post=12921"},{"taxonomy":"post_tag","embeddable":true,"href":"https:\/\/obispadodezaratecampana.org\/index.php?rest_route=%2Fwp%2Fv2%2Ftags&post=12921"}],"curies":[{"name":"wp","href":"https:\/\/api.w.org\/{rel}","templated":true}]}}