{"id":12904,"date":"2016-09-12T20:36:26","date_gmt":"2016-09-12T23:36:26","guid":{"rendered":"http:\/\/obispadodezaratecampana.org\/?p=12904"},"modified":"2016-09-15T20:48:19","modified_gmt":"2016-09-15T23:48:19","slug":"alguna-vez-han-pensado-que-cada-vez-que-nos-acercamos-al-confesionario-hay-alegria-y-fiesta-en-el-cielo-han-pensado-esto-es-hermoso","status":"publish","type":"post","link":"https:\/\/obispadodezaratecampana.org\/?p=12904","title":{"rendered":"\u00bfAlguna vez han pensado que cada vez que nos acercamos al confesionario, hay alegr\u00eda y fiesta en el cielo? \u00bfHan pensado esto? \u00a1Es hermoso!"},"content":{"rendered":"<p style=\"text-align: justify;\">(RV).- La misericordia de Dios fue el tema central de la reflexi\u00f3n del Papa a la hora del \u00c1ngelus este segundo domingo de septiembre. El Santo Padre se refiri\u00f3 al cap\u00edtulo 15 del Evangelio de Lucas, considerado el \u201ccap\u00edtulo de la misericordia\u201d, que contiene las tres par\u00e1bolas con las cuales Jes\u00fas responde a las murmuraciones de los escribas y de los fariseos, que lo criticaban porque recib\u00eda a los pecadores y com\u00eda con ellos. La primera par\u00e1bola, en donde Dios es presentado como un pastor que deja las noventa y nueve ovejas para ir a la b\u00fasqueda de aquella perdida. En la segunda, es comparado con una mujer que perdi\u00f3 una moneda y la busca hasta que la encuentra. En la tercera par\u00e1bola Dios es imaginado como un padre que acoge al hijo que se hab\u00eda alejado.<\/p>\n<p style=\"text-align: justify;\">\u201cCon estas tres par\u00e1bolas &#8211; dijo el Obispo de Roma &#8211; Jes\u00fas nos presenta un Dios de brazos abiertos, que trata a los pecadores con ternura y compasi\u00f3n\u201d.<\/p>\n<p style=\"text-align: justify;\">Ante los miles fieles romanos y peregrinos presentes en la plaza de san Pedro, Francisco asegur\u00f3 que el perd\u00f3n de Dios cancela el pasado y nos regenera en el amor y esto \u201cnos infunde gran esperanza\u201d, porque \u201cno hay pecado en el que hayamos ca\u00eddo del cual, con la gracia de Dios, no podamos renacer; no hay una persona irrecuperable&#8221;, &#8220;porque Dios no deja jam\u00e1s de querer nuestro bien, \u00a1aun cuando pecamos!\u201d<\/p>\n<p style=\"text-align: justify;\">Texto completo de las palabras del Pont\u00edfice:<\/p>\n<p style=\"text-align: justify;\">Queridos hermanos y hermanos, \u00a1buenos d\u00edas!<\/p>\n<p style=\"text-align: justify;\">La liturgia de hoy nos propone el cap\u00edtulo 15 del Evangelio de Lucas, considerado el cap\u00edtulo de la misericordia, que contiene tres par\u00e1bolas con las cuales Jes\u00fas responde a las murmuraciones de los escribas y de los fariseos. Ellos critican su comportamiento y dicen: \u201cEste hombre recibe a los pecadores y come con ellos\u201d (v. 2). Con estos tres relatos Jes\u00fas quiere hacer entender que Dios Padre es el primero en tener una actitud acogedora y misericordiosa hacia los pecadores. Dios tiene esta actitud. En la primera par\u00e1bola Dios es presentado como un pastor que deja las noventa y nueve ovejas para ir a la b\u00fasqueda de aquella perdida. En la segunda, es comparado con una mujer que perdi\u00f3 una moneda y la busca hasta que la encuentra. En la tercera par\u00e1bola Dios es imaginado como un padre que acoge al hijo que se hab\u00eda alejado; la figura del padre desvela el coraz\u00f3n de Dios, de Dios misericordioso manifestado en Jes\u00fas.<\/p>\n<p style=\"text-align: justify;\">Un elemento com\u00fan de estas par\u00e1bolas es aquel expresado por los verbos que significan alegrarse juntos, festejar. No se habla de estar de luto. Se goza, se festeja. El pastor llama a amigos y vecinos y les dice: &#8220;Al\u00e9grense conmigo, porque encontr\u00e9 la oveja que se me hab\u00eda perdido&#8221; (v.6); la mujer llama a las amigas y a las vecinas diciendo: &#8220;Al\u00e9grense conmigo, porque encontr\u00e9 la moneda que se me hab\u00eda perdido&#8221; (v. 9); el padre dice al otro hijo: \u201cEs justo que haya fiesta y alegr\u00eda, porque tu hermano estaba muerto y ha vuelto a la vida, estaba perdido y ha sido encontrado&#8221; (v.32). En las primeras dos par\u00e1bolas el acento est\u00e1 puesto en la alegr\u00eda tan incontenible que es necesario compartirla con \u201camigos y vecinos\u201d. En la tercera par\u00e1bola, el acento se pone en la fiesta que parte del coraz\u00f3n del padre misericordioso y se expande a toda su casa. \u00a1Esta fiesta de Dios por aquellos que regresan a \u00c9l arrepentidos se entona como nunca con el A\u00f1o Jubilar que estamos viviendo, como dice el mismo t\u00e9rmino \u201cJubileo\u201d! Es decir, j\u00fabilo.<\/p>\n<p style=\"text-align: justify;\">Con estas tres par\u00e1bolas, Jes\u00fas nos presenta el rostro verdadero de Dios, un Padre de brazos abiertos, que trata a los pecadores con ternura y compasi\u00f3n. La par\u00e1bola que m\u00e1s conmueve, &#8211; a todos &#8211; porque manifiesta el infinito amor de Dios, es aquella del padre que estrecha hacia \u00e9l y abraza al hijo reencontrado. Y lo que impresiona no es tanto la triste historia de un joven que precipita en la degradaci\u00f3n sino sus palabras decisivas: \u201cAhora mismo ir\u00e9 a la casa de mi padre\u201d (v. 18). El camino de regreso a casa es el camino de la esperanza y de la vida nueva. Dios espera siempre nuestro ponernos en viaje, nos espera con paciencia, nos mira cuando estamos lejanos, nos viene al encuentro, nos abraza, nos besa, nos perdona. \u00a1As\u00ed es Dios! \u00a1As\u00ed es nuestro Padre! Y su perd\u00f3n cancela el pasado y nos regenera en el amor. Olvida el pasado: y \u00e9sta es la debilidad de Dios. Cuando nos abraza y nos perdona, pierde la memoria. \u00a1No tiene memoria! Olvida el pasado. Cuando nosotros pecadores nos convertimos y nos hacemos encontrar por Dios, no nos esperan reproches y durezas, porque Dios salva, vuelve a recibirnos en casa con alegr\u00eda y festeja. Jes\u00fas mismo en el Evangelio de hoy, dice as\u00ed: \u201cHabr\u00e1 alegr\u00eda en el cielo por un solo pecador que se convierta m\u00e1s que por 99 justos que no tienen necesidad de conversi\u00f3n\u201d. Y les hago una pregunta:<\/p>\n<p style=\"text-align: justify;\">\u00bfAlguna vez han pensado que cada vez que nos acercamos al confesionario, hay alegr\u00eda y fiesta en el cielo? \u00bfHan pensado esto? \u00a1Es hermoso!<\/p>\n<p style=\"text-align: justify;\">Esto nos infunde gran esperanza porque no hay pecado en el que hayamos ca\u00eddo del cual, con la gracia de Dios, no podemos renacer; no hay una persona irrecuperable: \u00a1nadie es irrecuperable! Porque Dios no deja jam\u00e1s de querer nuestro bien, \u00a1aun cuando pecamos!<\/p>\n<p style=\"text-align: justify;\">La Virgen Mar\u00eda, Refugio de los pecadores, haga nacer en nuestros corazones la confianza que se encendi\u00f3 en el coraz\u00f3n del hijo pr\u00f3digo: \u201cAhora mismo ir\u00e9 a la casa de mi padre y le dir\u00e9: &#8220;Padre, pequ\u00e9 contra el Cielo y contra ti\u201d (v. 18). Por este camino, podemos dar alegr\u00eda a Dios, y su alegr\u00eda puede volverse su fiesta y la nuestra.<\/p>\n<p style=\"text-align: justify;\">(Traducci\u00f3n del italiano: Mar\u00eda Cecilia Mutual, Radio Vaticano)<\/p>\n<p>&nbsp;<\/p>\n<!-- AddThis Advanced Settings generic via filter on the_content --><!-- AddThis Share Buttons generic via filter on the_content -->","protected":false},"excerpt":{"rendered":"<p>(RV).- La misericordia de Dios fue el tema central de la reflexi\u00f3n del Papa a la hora del \u00c1ngelus este segundo domingo de septiembre. El [&hellip;]<!-- AddThis Advanced Settings generic via filter on get_the_excerpt --><!-- AddThis Share Buttons generic via filter on get_the_excerpt --><\/p>\n","protected":false},"author":2,"featured_media":12906,"comment_status":"open","ping_status":"open","sticky":false,"template":"","format":"standard","meta":{"footnotes":""},"categories":[161],"tags":[],"class_list":["post-12904","post","type-post","status-publish","format-standard","has-post-thumbnail","hentry","category-el-papa-leonxiv"],"_links":{"self":[{"href":"https:\/\/obispadodezaratecampana.org\/index.php?rest_route=\/wp\/v2\/posts\/12904","targetHints":{"allow":["GET"]}}],"collection":[{"href":"https:\/\/obispadodezaratecampana.org\/index.php?rest_route=\/wp\/v2\/posts"}],"about":[{"href":"https:\/\/obispadodezaratecampana.org\/index.php?rest_route=\/wp\/v2\/types\/post"}],"author":[{"embeddable":true,"href":"https:\/\/obispadodezaratecampana.org\/index.php?rest_route=\/wp\/v2\/users\/2"}],"replies":[{"embeddable":true,"href":"https:\/\/obispadodezaratecampana.org\/index.php?rest_route=%2Fwp%2Fv2%2Fcomments&post=12904"}],"version-history":[{"count":2,"href":"https:\/\/obispadodezaratecampana.org\/index.php?rest_route=\/wp\/v2\/posts\/12904\/revisions"}],"predecessor-version":[{"id":12936,"href":"https:\/\/obispadodezaratecampana.org\/index.php?rest_route=\/wp\/v2\/posts\/12904\/revisions\/12936"}],"wp:featuredmedia":[{"embeddable":true,"href":"https:\/\/obispadodezaratecampana.org\/index.php?rest_route=\/wp\/v2\/media\/12906"}],"wp:attachment":[{"href":"https:\/\/obispadodezaratecampana.org\/index.php?rest_route=%2Fwp%2Fv2%2Fmedia&parent=12904"}],"wp:term":[{"taxonomy":"category","embeddable":true,"href":"https:\/\/obispadodezaratecampana.org\/index.php?rest_route=%2Fwp%2Fv2%2Fcategories&post=12904"},{"taxonomy":"post_tag","embeddable":true,"href":"https:\/\/obispadodezaratecampana.org\/index.php?rest_route=%2Fwp%2Fv2%2Ftags&post=12904"}],"curies":[{"name":"wp","href":"https:\/\/api.w.org\/{rel}","templated":true}]}}