{"id":12896,"date":"2016-09-11T19:54:36","date_gmt":"2016-09-11T22:54:36","guid":{"rendered":"http:\/\/obispadodezaratecampana.org\/?p=12896"},"modified":"2016-09-12T20:00:39","modified_gmt":"2016-09-12T23:00:39","slug":"12-de-septiembre-ultimo-dia-para-inscribirse-y-participar-de-la-jornada-nacional-de-partida","status":"publish","type":"post","link":"https:\/\/obispadodezaratecampana.org\/?p=12896","title":{"rendered":"12 de septiembre: Ultimo d\u00eda para inscribirse y participar de la Jornada Nacional de Partida"},"content":{"rendered":"<h3>Enlace de nuestra di\u00f3cesis de Z\u00e1rate &#8211; Campana para inscribirse a la Jornada Nacional de Partida 2016, hay tiempo hasta el 12 de septiembre a las 22 hs:<\/h3>\n<h3><a title=\"partida\" href=\"https:\/\/docs.google.com\/forms\/d\/e\/1FAIpQLSfV6LzfQsiYsa4Kk0-V3fOYZudOKVCG8GN97Dejm0E6VT0u2Q\/viewform?c=0&amp;w=1\" target=\"_blank\">https:\/\/docs.google.com\/forms\/d\/e\/1FAIpQLSfV6LzfQsiYsa4Kk0-V3fOYZudOKVCG8GN97Dejm0E6VT0u2Q\/viewform?c=0&amp;w=1<\/a><\/h3>\n<h3><a title=\"partida\" href=\"https:\/\/docs.google.com\/forms\/d\/e\/1FAIpQLSfV6LzfQsiYsa4Kk0-V3fOYZudOKVCG8GN97Dejm0E6VT0u2Q\/viewform?c=0&amp;w=1\" target=\"_blank\"><img fetchpriority=\"high\" decoding=\"async\" class=\" wp-image-12897 aligncenter\" src=\"http:\/\/obispadodezaratecampana.org\/wp-content\/uploads\/2016\/09\/14344289_1793788914172525_3466419501672866310_n-300x239.jpg\" alt=\"14344289_1793788914172525_3466419501672866310_n\" width=\"581\" height=\"355\" \/><\/a><\/h3>\n<!-- AddThis Advanced Settings generic via filter on the_content --><!-- AddThis Share Buttons generic via filter on the_content -->","protected":false},"excerpt":{"rendered":"<p>Enlace de nuestra di\u00f3cesis de Z\u00e1rate &#8211; Campana para inscribirse a la Jornada Nacional de Partida 2016, hay tiempo hasta el 12 de septiembre a [&hellip;]<!-- AddThis Advanced Settings generic via filter on get_the_excerpt --><!-- AddThis Share Buttons generic via filter on get_the_excerpt --><\/p>\n","protected":false},"author":2,"featured_media":12897,"comment_status":"open","ping_status":"open","sticky":false,"template":"","format":"standard","meta":{"footnotes":""},"categories":[4],"tags":[],"class_list":["post-12896","post","type-post","status-publish","format-standard","has-post-thumbnail","hentry","category-movimientosinstituciones"],"_links":{"self":[{"href":"https:\/\/obispadodezaratecampana.org\/index.php?rest_route=\/wp\/v2\/posts\/12896","targetHints":{"allow":["GET"]}}],"collection":[{"href":"https:\/\/obispadodezaratecampana.org\/index.php?rest_route=\/wp\/v2\/posts"}],"about":[{"href":"https:\/\/obispadodezaratecampana.org\/index.php?rest_route=\/wp\/v2\/types\/post"}],"author":[{"embeddable":true,"href":"https:\/\/obispadodezaratecampana.org\/index.php?rest_route=\/wp\/v2\/users\/2"}],"replies":[{"embeddable":true,"href":"https:\/\/obispadodezaratecampana.org\/index.php?rest_route=%2Fwp%2Fv2%2Fcomments&post=12896"}],"version-history":[{"count":1,"href":"https:\/\/obispadodezaratecampana.org\/index.php?rest_route=\/wp\/v2\/posts\/12896\/revisions"}],"predecessor-version":[{"id":12898,"href":"https:\/\/obispadodezaratecampana.org\/index.php?rest_route=\/wp\/v2\/posts\/12896\/revisions\/12898"}],"wp:featuredmedia":[{"embeddable":true,"href":"https:\/\/obispadodezaratecampana.org\/index.php?rest_route=\/wp\/v2\/media\/12897"}],"wp:attachment":[{"href":"https:\/\/obispadodezaratecampana.org\/index.php?rest_route=%2Fwp%2Fv2%2Fmedia&parent=12896"}],"wp:term":[{"taxonomy":"category","embeddable":true,"href":"https:\/\/obispadodezaratecampana.org\/index.php?rest_route=%2Fwp%2Fv2%2Fcategories&post=12896"},{"taxonomy":"post_tag","embeddable":true,"href":"https:\/\/obispadodezaratecampana.org\/index.php?rest_route=%2Fwp%2Fv2%2Ftags&post=12896"}],"curies":[{"name":"wp","href":"https:\/\/api.w.org\/{rel}","templated":true}]}}