{"id":12889,"date":"2016-09-08T14:45:26","date_gmt":"2016-09-08T17:45:26","guid":{"rendered":"http:\/\/obispadodezaratecampana.org\/?p=12889"},"modified":"2016-09-08T14:45:26","modified_gmt":"2016-09-08T17:45:26","slug":"papa-francisco-si-no-hay-paz-en-el-corazon-en-lo-pequeno-de-nuestro-dia-a-dia-no-puede-haber-paz-en-el-mundo","status":"publish","type":"post","link":"https:\/\/obispadodezaratecampana.org\/?p=12889","title":{"rendered":"Papa Francisco: &#8220;Si no hay paz en el coraz\u00f3n, en lo peque\u00f1o de nuestro d\u00eda a d\u00eda, no puede haber paz en el mundo&#8221;"},"content":{"rendered":"<p>(RV).- Como se hab\u00eda anunciado, en la fiesta de la Natividad de la Virgen Mar\u00eda, el 8 de septiembre, despu\u00e9s de la pausa del verano romano, el Papa Francisco reanud\u00f3 la celebraci\u00f3n de la Santa Misa matutina, en la Capilla de la Casa de Santa Marta, con la participaci\u00f3n de algunos fieles.<\/p>\n<p>Mientras \u00abestamos viviendo en guerra y todos piden la paz\u00bb, el Santo Padre reiter\u00f3 que la paz no se construye tanto en los grandes encuentros internacionales. La paz es un don de Dios que nace en lo peque\u00f1o de cada d\u00eda. Como en el coraz\u00f3n, o en un sue\u00f1o, como le pas\u00f3 a San Jos\u00e9, cuando un \u00e1ngel le dijo que no temiera en recibir a Mar\u00eda, su esposa, porque ella donar\u00e1 al mundo al Emanuel, \u00abel \u2018Dios con nosotros\u2019: \u00a1\u00c9l es la paz!\u00bb.<\/p>\n<p>\u00abQue todos podamos crecer en la unidad y en la paz\u00bb. Con la oraci\u00f3n colecta, hizo hincapi\u00e9 en que la paz es un don, en el que debemos crecer y que debemos hacer crecer. Un don que \u00abtiene su camino de vida\u00bb y que cada uno tiene que trabajar para hacer que crezca:<\/p>\n<p>\u00abY este camino de santos y pecadores nos dice que nosotros tambi\u00e9n debemos acoger el don de la paz y hacerle camino en nuestra vida, hacer que entre en nosotros, hacer que entre en el mundo. La paz no se hace de un d\u00eda para el otro; la paz es un don, pero un don que debe ser trabajado cada d\u00eda. Por ello, podemos decir que la paz es un don que se vuelve artesanal en las manos de los hombres. Somos nosotros, los hombres, los que tenemos que dar un paso hacia la paz, cada d\u00eda: es nuestro trabajo. Es nuestro trabajo con el don recibido: hacer la paz\u00bb.<\/p>\n<p>La importancia de lo que puede parecer m\u00e1s peque\u00f1o<\/p>\n<p>Con la liturgia del d\u00eda en que se celebra la Natividad de Mar\u00eda, el Papa destac\u00f3 que si no hay paz en el coraz\u00f3n, en lo peque\u00f1o de nuestro d\u00eda a d\u00eda, no puede haber paz en el mundo:<\/p>\n<p>\u00abLa paz es un don, es un don artesanal que todos debemos trabajar, todos los d\u00edas, pero trabajarlo en las cosas peque\u00f1as: en lo peque\u00f1o del d\u00eda a d\u00eda. No bastan los grandes manifiestos por la paz, los grandes encuentros internacionales, si luego esta paz no se hace en lo peque\u00f1o. A\u00fan m\u00e1s, puedes hablar de la paz con palabras estupendas, dar una gran conferencia\u2026 Pero si en lo peque\u00f1o de tu vida, en tu coraz\u00f3n no hay paz, en tu familia no hay paz, en tu barrio no hay paz, en tu puesto de trabajo no hay paz, tampoco habr\u00e1 paz en el mundo\u00bb.<\/p>\n<p>Para que pueda haber paz en el mundo, pacificar primero nuestro coraz\u00f3n, antes de hablar de la paz.<\/p>\n<p>El Papa invit\u00f3 a plantearnos algunas preguntas:<\/p>\n<p>\u00ab\u00bfC\u00f3mo est\u00e1 tu coraz\u00f3n hoy? \u00bfEst\u00e1 en paz? Si no est\u00e1 en paz, antes de hablar de paz, primero haz que haya paz en tu coraz\u00f3n. \u00bfC\u00f3mo est\u00e1 tu familia hoy? \u00bfEst\u00e1 en paz? Si no eres capaz de llevar adelante en paz a tu familia, a tu presbiterio, a tu congregaci\u00f3n, no bastan palabras de paz para el mundo. \u00c9sta es la pregunta que quisiera presentar hoy: \u00bfc\u00f3mo est\u00e1 el coraz\u00f3n de cada uno de nosotros? \u00bfEst\u00e1 en paz? \u00bfC\u00f3mo est\u00e1 la familia de cada uno de nosotros? \u00bfEst\u00e1 en paz? Es as\u00ed \u00bfno? Para llegar al mundo en paz\u00bb.<\/p>\n<p>(CdM \u2013 RV)<\/p>\n<p>(from Vatican Radio)<\/p>\n<!-- AddThis Advanced Settings generic via filter on the_content --><!-- AddThis Share Buttons generic via filter on the_content -->","protected":false},"excerpt":{"rendered":"<p>(RV).- Como se hab\u00eda anunciado, en la fiesta de la Natividad de la Virgen Mar\u00eda, el 8 de septiembre, despu\u00e9s de la pausa del verano [&hellip;]<!-- AddThis Advanced Settings generic via filter on get_the_excerpt --><!-- AddThis Share Buttons generic via filter on get_the_excerpt --><\/p>\n","protected":false},"author":2,"featured_media":12890,"comment_status":"open","ping_status":"open","sticky":false,"template":"","format":"standard","meta":{"footnotes":""},"categories":[161,1],"tags":[],"class_list":["post-12889","post","type-post","status-publish","format-standard","has-post-thumbnail","hentry","category-el-papa-leonxiv","category-noticiasdiocesanas"],"_links":{"self":[{"href":"https:\/\/obispadodezaratecampana.org\/index.php?rest_route=\/wp\/v2\/posts\/12889","targetHints":{"allow":["GET"]}}],"collection":[{"href":"https:\/\/obispadodezaratecampana.org\/index.php?rest_route=\/wp\/v2\/posts"}],"about":[{"href":"https:\/\/obispadodezaratecampana.org\/index.php?rest_route=\/wp\/v2\/types\/post"}],"author":[{"embeddable":true,"href":"https:\/\/obispadodezaratecampana.org\/index.php?rest_route=\/wp\/v2\/users\/2"}],"replies":[{"embeddable":true,"href":"https:\/\/obispadodezaratecampana.org\/index.php?rest_route=%2Fwp%2Fv2%2Fcomments&post=12889"}],"version-history":[{"count":1,"href":"https:\/\/obispadodezaratecampana.org\/index.php?rest_route=\/wp\/v2\/posts\/12889\/revisions"}],"predecessor-version":[{"id":12891,"href":"https:\/\/obispadodezaratecampana.org\/index.php?rest_route=\/wp\/v2\/posts\/12889\/revisions\/12891"}],"wp:featuredmedia":[{"embeddable":true,"href":"https:\/\/obispadodezaratecampana.org\/index.php?rest_route=\/wp\/v2\/media\/12890"}],"wp:attachment":[{"href":"https:\/\/obispadodezaratecampana.org\/index.php?rest_route=%2Fwp%2Fv2%2Fmedia&parent=12889"}],"wp:term":[{"taxonomy":"category","embeddable":true,"href":"https:\/\/obispadodezaratecampana.org\/index.php?rest_route=%2Fwp%2Fv2%2Fcategories&post=12889"},{"taxonomy":"post_tag","embeddable":true,"href":"https:\/\/obispadodezaratecampana.org\/index.php?rest_route=%2Fwp%2Fv2%2Ftags&post=12889"}],"curies":[{"name":"wp","href":"https:\/\/api.w.org\/{rel}","templated":true}]}}