{"id":12870,"date":"2016-09-04T14:47:01","date_gmt":"2016-09-04T17:47:01","guid":{"rendered":"http:\/\/obispadodezaratecampana.org\/?p=12870"},"modified":"2016-09-04T14:47:01","modified_gmt":"2016-09-04T17:47:01","slug":"homilia-del-papa-francisco-en-la-santa-misa-con-rito-de-canonizacion-de-la-madre-teresa-de-calcuta","status":"publish","type":"post","link":"https:\/\/obispadodezaratecampana.org\/?p=12870","title":{"rendered":"Homil\u00eda del Papa Francisco en la Santa Misa con Rito de Canonizaci\u00f3n de la Madre Teresa de Calcuta"},"content":{"rendered":"<p style=\"text-align: justify;\">(RV).- \u201cHoy entrego esta emblem\u00e1tica figura de mujer y de consagrada a todo el mundo del voluntariado: que ella sea su modelo de santidad\u201d. Palabras elocuentes, las del Sucesor de Pedro, en la homil\u00eda de la Santa Misa con el rito de Canonizaci\u00f3n de la Madre Teresa de Calcuta, en la conclusi\u00f3n del Jubileo del Voluntariado y de los Operarios de Misericordia, llevada a cabo en una plaza de san Pedro repleta de fieles y peregrinos provenientes de cada rinc\u00f3n del mundo.<\/p>\n<p><img fetchpriority=\"high\" decoding=\"async\" class=\"size-medium wp-image-12871 aligncenter\" src=\"http:\/\/obispadodezaratecampana.org\/wp-content\/uploads\/2016\/09\/teresac-300x205.jpg\" alt=\"teresac\" width=\"300\" height=\"205\" srcset=\"https:\/\/obispadodezaratecampana.org\/wp-content\/uploads\/2016\/09\/teresac-300x205.jpg 300w, https:\/\/obispadodezaratecampana.org\/wp-content\/uploads\/2016\/09\/teresac.jpg 365w\" sizes=\"(max-width: 300px) 100vw, 300px\" \/><\/p>\n<p style=\"text-align: justify;\">El Santo Padre desarroll\u00f3 su homil\u00eda reflexionando a partir del interrogante del libro de la Sabidur\u00eda \u00ab\u00bfQui\u00e9n comprende lo que Dios quiere?\u00bb. Un interrogante que presenta nuestra vida como un misterio, cuya clave de interpretaci\u00f3n no poseemos, dijo, pero cuya respuesta encontramos en el mismo texto: para reconocer la llamada de Dios, debemos preguntarnos y comprender qu\u00e9 es lo que le gusta. Lo que a su vez se puede sintetizar en la expresi\u00f3n del Evangelio de Mateo: \u00abMisericordia quiero y no sacrificios\u00bb (Mt 9,13).<\/p>\n<p style=\"text-align: justify;\">El pont\u00edfice explic\u00f3 que a Dios le agrada toda obra de misericordia, porque en el hermano que ayudamos reconocemos \u201cel rostro de Dios que nadie puede ver\u201d y es por eso que reiter\u00f3 que no hay alternativa a la caridad, dado que \u201cquienes se ponen al servicio de los hermanos, aunque no lo sepan, son quienes aman a Dios\u201d.<\/p>\n<p style=\"text-align: justify;\">Aun as\u00ed, el Papa indic\u00f3 que la vida cristiana \u201cno es una simple ayuda que se presta en un momento de necesidad\u201d, dado que esto ser\u00eda un hermoso sentimiento de humana solidaridad que produce un beneficio inmediato, pero que es \u201cest\u00e9ril porque no tiene ra\u00edz\u201d. El compromiso que el Se\u00f1or pide es, en cambio, aquel de una vocaci\u00f3n a la caridad con la que cada disc\u00edpulo de Cristo lo sirve con su propia vida, para crecer cada d\u00eda en el amor, es decir, \u201cun compromiso serio y al mismo tiempo gozoso que requiere radicalidad y esfuerzo para reconocer al divino Maestro en los m\u00e1s pobres y ponerse a su servicio\u201d.<\/p>\n<p style=\"text-align: justify;\">Por eso el Obispo de Roma entreg\u00f3 al mundo del voluntariado a la Santa de Calcuta, incansable dispensadora de la misericordia divina, quien \u201cse pon\u00eda a disposici\u00f3n de todos por medio de la acogida y la defensa de la vida humana\u201d, como modelo de santidad, deseando, en la conclusi\u00f3n de su homil\u00eda, que ella ayude a comprender cada vez m\u00e1s que el \u00fanico criterio de acci\u00f3n de los cristianos es el amor gratuito, libre de toda ideolog\u00eda y de todo v\u00ednculo, derramado sobre todos sin distinci\u00f3n de lengua, cultura, raza o religi\u00f3n, porque de este modo \u201cabriremos as\u00ed horizontes de alegr\u00eda y esperanza a toda esa humanidad desanimada y necesitada de comprensi\u00f3n y ternura\u201d.<\/p>\n<p style=\"text-align: justify;\">(Griselda Mutual &#8211; Radio Vaticano)<\/p>\n<p style=\"text-align: justify;\">A continuaci\u00f3n, voz y texto completo de la Homil\u00eda pronunciada por el Papa Francisco en el XXIII Domingo del Tiempo Ordinario<\/p>\n<p style=\"text-align: justify;\">\u00ab\u00bfQui\u00e9n comprende lo que Dios quiere?\u00bb (Sb 9,13). Este interrogante del libro de la Sabidur\u00eda, que hemos escuchado en la primera lectura, nos presenta nuestra vida como un misterio, cuya clave de interpretaci\u00f3n no poseemos. Los protagonistas de la historia son siempre dos: por un lado, Dios, y por otro, los hombres. Nuestra tarea es la de escuchar la llamada de Dios y luego aceptar su voluntad. Pero para cumplirla sin vacilaci\u00f3n debemos ponernos esta pregunta. \u00bfCu\u00e1l es la voluntad de Dios en mi vida?<\/p>\n<p style=\"text-align: justify;\">La respuesta la encontramos en el mismo texto sapiencial: \u00abLos hombres aprendieron lo que te agrada\u00bb (v. 18). Para reconocer la llamada de Dios, debemos preguntarnos y comprender qu\u00e9 es lo que le gusta. En muchas ocasiones, los profetas anunciaron lo que le agrada al Se\u00f1or. Su mensaje encuentra una s\u00edntesis admirable en la expresi\u00f3n: \u00abMisericordia quiero y no sacrificios\u00bb (Os 6,6; Mt 9,13). A Dios le agrada toda obra de misericordia, porque en el hermano que ayudamos reconocemos el rostro de Dios que nadie puede ver (cf. Jn 1,18). Y cada vez que nos hemos inclinado ante las necesidades de los hermanos, hemos dado de comer y de beber a Jes\u00fas; hemos vestido, ayudado y visitado al Hijo de Dios (cf. Mt 25,40): es decir, hemos tocado la carne de Cristo.<\/p>\n<p style=\"text-align: justify;\">Estamos llamados a concretar en la realidad lo que invocamos en la oraci\u00f3n y profesamos en la fe. No hay alternativa a la caridad: quienes se ponen al servicio de los hermanos, aunque no lo sepan, son quienes aman a Dios (cf. 1 Jn 3,16-18; St 2,14-18). Sin embargo, la vida cristiana no es una simple ayuda que se presta en un momento de necesidad. Si fuera as\u00ed, ser\u00eda sin duda un hermoso sentimiento de humana solidaridad que produce un beneficio inmediato, pero ser\u00eda est\u00e9ril porque no tiene ra\u00edz. Por el contrario, el compromiso que el Se\u00f1or pide es el de una vocaci\u00f3n a la caridad con la que cada disc\u00edpulo de Cristo lo sirve con su propia vida, para crecer cada d\u00eda en el amor.<\/p>\n<p style=\"text-align: justify;\">Hemos escuchado en el Evangelio que \u00abmucha gente acompa\u00f1aba a Jes\u00fas\u00bb (Lc 14,25). Hoy aquella \u00abgente\u00bb est\u00e1 representada por el amplio mundo del voluntariado, presente aqu\u00ed con ocasi\u00f3n del Jubileo de la Misericordia. Vosotros sois esa gente que sigue al Maestro y que hace visible su amor concreto hacia cada persona. Os repito las palabras del ap\u00f3stol Pablo: \u00abHe experimentado gran gozo y consuelo por tu amor, ya que, gracias a ti, los corazones de los creyentes han encontrado alivio\u00bb (Flm 1,7). Cu\u00e1ntos corazones confortan los voluntarios. Cu\u00e1ntas manos sostienen; cu\u00e1ntas l\u00e1grimas secan; cu\u00e1nto amor derraman en el servicio escondido, humilde y desinteresado. Este loable servicio da voz a la fe &#8211; \u00a1da voz a la fe! y expresa la misericordia del Padre que est\u00e1 cerca de quien pasa necesidad.<\/p>\n<p style=\"text-align: justify;\">El seguimiento de Jes\u00fas es un compromiso serio y al mismo tiempo gozoso; requiere radicalidad y esfuerzo para reconocer al divino Maestro en los m\u00e1s pobres y descartados de la vida y ponerse a su servicio. Por esto, los voluntarios que sirven a los \u00faltimos y a los necesitados por amor a Jes\u00fas no esperan ning\u00fan agradecimiento ni gratificaci\u00f3n, sino que renuncian a todo esto porque han descubierto el verdadero amor. Y cada uno de nosotros puede decir: \u2018Igual que el Se\u00f1or ha venido a mi encuentro y se ha inclinado sobre m\u00ed en el momento de necesidad, as\u00ed tambi\u00e9n yo salgo al encuentro de \u00e9l y me inclino sobre quienes han perdido la fe o viven como si Dios no existiera, sobre los j\u00f3venes sin valores e ideales, sobre las familias en crisis, sobre los enfermos y los encarcelados, sobre los refugiados e inmigrantes, sobre los d\u00e9biles e indefensos en el cuerpo y en el esp\u00edritu, sobre los menores abandonados a s\u00ed mismos, como tambi\u00e9n sobre los ancianos dejados solos. Dondequiera que haya una mano extendida que pide ayuda para ponerse en pie, all\u00ed debe estar nuestra presencia y la presencia de la Iglesia que sostiene y da esperanza\u2019 Y hacer esto con la memoria viva de la mano tendida del Se\u00f1or sobre m\u00ed, cuando estaba ca\u00eddo.<\/p>\n<p style=\"text-align: justify;\">Madre Teresa, a lo largo de toda su existencia, ha sido una generosa dispensadora de la misericordia divina, poni\u00e9ndose a disposici\u00f3n de todos por medio de la acogida y la defensa de la vida humana, tanto la no nacida como la abandonada y descartada. Se ha comprometido en la defensa de la vida proclamando incesantemente que \u00abel no nacido es el m\u00e1s d\u00e9bil, el m\u00e1s peque\u00f1o, el m\u00e1s pobre\u00bb. Se ha inclinado sobre las personas desfallecidas, que mueren abandonadas al borde de las calles, reconociendo la dignidad que Dios les hab\u00eda dado; ha hecho sentir su voz a los poderosos de la tierra, para que reconocieran sus culpas ante los cr\u00edmenes &#8211; \u00a1ante los cr\u00edmenes! &#8211; de la pobreza creada por ellos mismos. La misericordia ha sido para ella la \u00absal\u00bb que daba sabor a cada obra suya, y la \u00abluz\u00bb que iluminaba las tinieblas de los que no ten\u00edan ni siquiera l\u00e1grimas para llorar &#8211; para llorar &#8211; su pobreza y sufrimiento.<\/p>\n<p style=\"text-align: justify;\">Su misi\u00f3n en las periferias de las ciudades y en las periferias existenciales permanece en nuestros d\u00edas como testimonio elocuente de la cercan\u00eda de Dios hacia los m\u00e1s pobres entre los pobres. \u00a1Hoy entrego esta emblem\u00e1tica figura de mujer y de consagrada a todo el mundo del voluntariado: que ella sea vuestro modelo de santidad! Pienso, quiz\u00e1, que tendremos un poco de dificultad en llamarla Santa Teresa: su santidad est\u00e1 tan cerca de nosotros, tan tierna y fecunda que espont\u00e1neamente la seguiremos llamando: \u00bfmadre Teresa\u2019&#8230; Esta incansable trabajadora de la misericordia nos ayude a comprender cada vez m\u00e1s que nuestro \u00fanico criterio de acci\u00f3n es el amor gratuito, libre de toda ideolog\u00eda y de todo v\u00ednculo y derramado sobre todos sin distinci\u00f3n de lengua, cultura, raza o religi\u00f3n. Madre Teresa amaba decir: \u00abTal vez no hablo su idioma, pero puedo sonre\u00edr\u00bb. Llevemos en el coraz\u00f3n su sonrisa y entregu\u00e9mosla a todos los que encontremos en nuestro camino, especialmente a los que sufren. Abriremos as\u00ed horizontes de alegr\u00eda y esperanza a toda esa humanidad desanimada y necesitada de comprensi\u00f3n y ternura.<\/p>\n<p style=\"text-align: justify;\">(from Vatican Radio)<\/p>\n<!-- AddThis Advanced Settings generic via filter on the_content --><!-- AddThis Share Buttons generic via filter on the_content -->","protected":false},"excerpt":{"rendered":"<p>(RV).- \u201cHoy entrego esta emblem\u00e1tica figura de mujer y de consagrada a todo el mundo del voluntariado: que ella sea su modelo de santidad\u201d. Palabras [&hellip;]<!-- AddThis Advanced Settings generic via filter on get_the_excerpt --><!-- AddThis Share Buttons generic via filter on get_the_excerpt --><\/p>\n","protected":false},"author":2,"featured_media":12871,"comment_status":"open","ping_status":"open","sticky":false,"template":"","format":"standard","meta":{"footnotes":""},"categories":[161,1],"tags":[],"class_list":["post-12870","post","type-post","status-publish","format-standard","has-post-thumbnail","hentry","category-el-papa-leonxiv","category-noticiasdiocesanas"],"_links":{"self":[{"href":"https:\/\/obispadodezaratecampana.org\/index.php?rest_route=\/wp\/v2\/posts\/12870","targetHints":{"allow":["GET"]}}],"collection":[{"href":"https:\/\/obispadodezaratecampana.org\/index.php?rest_route=\/wp\/v2\/posts"}],"about":[{"href":"https:\/\/obispadodezaratecampana.org\/index.php?rest_route=\/wp\/v2\/types\/post"}],"author":[{"embeddable":true,"href":"https:\/\/obispadodezaratecampana.org\/index.php?rest_route=\/wp\/v2\/users\/2"}],"replies":[{"embeddable":true,"href":"https:\/\/obispadodezaratecampana.org\/index.php?rest_route=%2Fwp%2Fv2%2Fcomments&post=12870"}],"version-history":[{"count":1,"href":"https:\/\/obispadodezaratecampana.org\/index.php?rest_route=\/wp\/v2\/posts\/12870\/revisions"}],"predecessor-version":[{"id":12872,"href":"https:\/\/obispadodezaratecampana.org\/index.php?rest_route=\/wp\/v2\/posts\/12870\/revisions\/12872"}],"wp:featuredmedia":[{"embeddable":true,"href":"https:\/\/obispadodezaratecampana.org\/index.php?rest_route=\/wp\/v2\/media\/12871"}],"wp:attachment":[{"href":"https:\/\/obispadodezaratecampana.org\/index.php?rest_route=%2Fwp%2Fv2%2Fmedia&parent=12870"}],"wp:term":[{"taxonomy":"category","embeddable":true,"href":"https:\/\/obispadodezaratecampana.org\/index.php?rest_route=%2Fwp%2Fv2%2Fcategories&post=12870"},{"taxonomy":"post_tag","embeddable":true,"href":"https:\/\/obispadodezaratecampana.org\/index.php?rest_route=%2Fwp%2Fv2%2Ftags&post=12870"}],"curies":[{"name":"wp","href":"https:\/\/api.w.org\/{rel}","templated":true}]}}