{"id":12855,"date":"2016-09-04T14:09:47","date_gmt":"2016-09-04T17:09:47","guid":{"rendered":"http:\/\/obispadodezaratecampana.org\/?p=12855"},"modified":"2016-09-04T14:23:30","modified_gmt":"2016-09-04T17:23:30","slug":"12855","status":"publish","type":"post","link":"https:\/\/obispadodezaratecampana.org\/?p=12855","title":{"rendered":"4 de septiembre cumplea\u00f1os del Obispo: &#8220;Recen por mi en este d\u00eda que celebro el don de la vida&#8221;"},"content":{"rendered":"<h2 style=\"text-align: justify;\"><span style=\"color: #333399;\">\u00a0Recen por mi en este d\u00eda en que celebro el don de la vida para que siempre lo comparta con mis hermanos, de las dos familias: la de Pap\u00e1 y Mam\u00e1 y la de la Iglesia.<\/span><\/h2>\n<h2 style=\"text-align: justify;\"><span style=\"color: #333399;\">\u00a0La Madre Teresa estuvo dos veces para fundar, y luego visitar &#8211; en Z\u00e1rate &#8211; la primera casa de la congregaci\u00f3n en Argentina. Hoy celebro la Misa en esta santa casa de los mas pobres con las Hermanas y toda la Iglesia Diocesana.<\/span><\/h2>\n<h2 style=\"text-align: justify;\"><span style=\"color: #333399;\">\u00a0Tanto la Madre Teresa como Mam\u00e1 Antula &#8211; una Santa y la otra Beata- caminaron por estas tierras junto a la Virgen de Luj\u00e1n. Nosotros debemos seguir caminando junto a nuestros hermanos de la di\u00f3cesis, para llegar todos a la gran reuni\u00f3n familiar de la Casa del Padre.<\/span><\/h2>\n<h2 style=\"text-align: justify;\"><span style=\"color: #333399;\">\u00a0Dios los bendiga.<\/span><br \/>\n<span style=\"color: #333399;\">\u00a0 \u00a0 \u00a0 \u00a0 \u00a0 \u00a0 <\/span><\/h2>\n<h2 style=\"text-align: justify;\"><span style=\"color: #333399;\">\u00a0 \u00a0 \u00a0 + Pedro Laxague<\/span><\/h2>\n<p style=\"text-align: center;\"><em><span style=\"color: #333399;\">Fotos del Encuentro Diocesano de Catequesis &#8211; s\u00e1bado 3 de septiembre en el Colegio Madre del Divino Pastor en Pilar<\/span><\/em><\/p>\n<p><img fetchpriority=\"high\" decoding=\"async\" class=\"size-medium wp-image-12856 aligncenter\" src=\"http:\/\/obispadodezaratecampana.org\/wp-content\/uploads\/2016\/09\/14184392_1781840965435077_758205607993396118_n-300x168.jpg\" alt=\"14184392_1781840965435077_758205607993396118_n\" width=\"300\" height=\"168\" srcset=\"https:\/\/obispadodezaratecampana.org\/wp-content\/uploads\/2016\/09\/14184392_1781840965435077_758205607993396118_n-300x168.jpg 300w, https:\/\/obispadodezaratecampana.org\/wp-content\/uploads\/2016\/09\/14184392_1781840965435077_758205607993396118_n.jpg 960w\" sizes=\"(max-width: 300px) 100vw, 300px\" \/><\/p>\n<p><img decoding=\"async\" class=\"size-medium wp-image-12857 aligncenter\" src=\"http:\/\/obispadodezaratecampana.org\/wp-content\/uploads\/2016\/09\/14196054_1781840798768427_5693982836473080342_o-300x250.jpg\" alt=\"14196054_1781840798768427_5693982836473080342_o\" width=\"300\" height=\"250\" srcset=\"https:\/\/obispadodezaratecampana.org\/wp-content\/uploads\/2016\/09\/14196054_1781840798768427_5693982836473080342_o-300x250.jpg 300w, https:\/\/obispadodezaratecampana.org\/wp-content\/uploads\/2016\/09\/14196054_1781840798768427_5693982836473080342_o-1024x856.jpg 1024w, https:\/\/obispadodezaratecampana.org\/wp-content\/uploads\/2016\/09\/14196054_1781840798768427_5693982836473080342_o.jpg 2048w\" sizes=\"(max-width: 300px) 100vw, 300px\" \/><\/p>\n<p><img decoding=\"async\" class=\"size-medium wp-image-12858 aligncenter\" src=\"http:\/\/obispadodezaratecampana.org\/wp-content\/uploads\/2016\/09\/14206062_1781840802101760_4786007623005433379_o-1-300x199.jpg\" alt=\"14206062_1781840802101760_4786007623005433379_o (1)\" width=\"300\" height=\"199\" srcset=\"https:\/\/obispadodezaratecampana.org\/wp-content\/uploads\/2016\/09\/14206062_1781840802101760_4786007623005433379_o-1-300x199.jpg 300w, https:\/\/obispadodezaratecampana.org\/wp-content\/uploads\/2016\/09\/14206062_1781840802101760_4786007623005433379_o-1-1024x680.jpg 1024w, https:\/\/obispadodezaratecampana.org\/wp-content\/uploads\/2016\/09\/14206062_1781840802101760_4786007623005433379_o-1.jpg 2048w\" sizes=\"(max-width: 300px) 100vw, 300px\" \/><\/p>\n<p><img loading=\"lazy\" decoding=\"async\" class=\"size-medium wp-image-12865 aligncenter\" src=\"http:\/\/obispadodezaratecampana.org\/wp-content\/uploads\/2016\/09\/14241501_331935767139273_2807079435789645667_o-300x199.jpg\" alt=\"14241501_331935767139273_2807079435789645667_o\" width=\"300\" height=\"199\" srcset=\"https:\/\/obispadodezaratecampana.org\/wp-content\/uploads\/2016\/09\/14241501_331935767139273_2807079435789645667_o-300x199.jpg 300w, https:\/\/obispadodezaratecampana.org\/wp-content\/uploads\/2016\/09\/14241501_331935767139273_2807079435789645667_o-1024x680.jpg 1024w, https:\/\/obispadodezaratecampana.org\/wp-content\/uploads\/2016\/09\/14241501_331935767139273_2807079435789645667_o.jpg 1504w\" sizes=\"(max-width: 300px) 100vw, 300px\" \/><\/p>\n<p>&nbsp;<\/p>\n<!-- AddThis Advanced Settings generic via filter on the_content --><!-- AddThis Share Buttons generic via filter on the_content -->","protected":false},"excerpt":{"rendered":"<p>\u00a0Recen por mi en este d\u00eda en que celebro el don de la vida para que siempre lo comparta con mis hermanos, de las dos [&hellip;]<!-- AddThis Advanced Settings generic via filter on get_the_excerpt --><!-- AddThis Share Buttons generic via filter on get_the_excerpt --><\/p>\n","protected":false},"author":2,"featured_media":12856,"comment_status":"open","ping_status":"open","sticky":false,"template":"","format":"standard","meta":{"footnotes":""},"categories":[1],"tags":[],"class_list":["post-12855","post","type-post","status-publish","format-standard","has-post-thumbnail","hentry","category-noticiasdiocesanas"],"_links":{"self":[{"href":"https:\/\/obispadodezaratecampana.org\/index.php?rest_route=\/wp\/v2\/posts\/12855","targetHints":{"allow":["GET"]}}],"collection":[{"href":"https:\/\/obispadodezaratecampana.org\/index.php?rest_route=\/wp\/v2\/posts"}],"about":[{"href":"https:\/\/obispadodezaratecampana.org\/index.php?rest_route=\/wp\/v2\/types\/post"}],"author":[{"embeddable":true,"href":"https:\/\/obispadodezaratecampana.org\/index.php?rest_route=\/wp\/v2\/users\/2"}],"replies":[{"embeddable":true,"href":"https:\/\/obispadodezaratecampana.org\/index.php?rest_route=%2Fwp%2Fv2%2Fcomments&post=12855"}],"version-history":[{"count":4,"href":"https:\/\/obispadodezaratecampana.org\/index.php?rest_route=\/wp\/v2\/posts\/12855\/revisions"}],"predecessor-version":[{"id":12866,"href":"https:\/\/obispadodezaratecampana.org\/index.php?rest_route=\/wp\/v2\/posts\/12855\/revisions\/12866"}],"wp:featuredmedia":[{"embeddable":true,"href":"https:\/\/obispadodezaratecampana.org\/index.php?rest_route=\/wp\/v2\/media\/12856"}],"wp:attachment":[{"href":"https:\/\/obispadodezaratecampana.org\/index.php?rest_route=%2Fwp%2Fv2%2Fmedia&parent=12855"}],"wp:term":[{"taxonomy":"category","embeddable":true,"href":"https:\/\/obispadodezaratecampana.org\/index.php?rest_route=%2Fwp%2Fv2%2Fcategories&post=12855"},{"taxonomy":"post_tag","embeddable":true,"href":"https:\/\/obispadodezaratecampana.org\/index.php?rest_route=%2Fwp%2Fv2%2Ftags&post=12855"}],"curies":[{"name":"wp","href":"https:\/\/api.w.org\/{rel}","templated":true}]}}