{"id":12829,"date":"2016-08-31T12:56:11","date_gmt":"2016-08-31T15:56:11","guid":{"rendered":"http:\/\/obispadodezaratecampana.org\/?p=12829"},"modified":"2016-08-31T22:20:24","modified_gmt":"2016-09-01T01:20:24","slug":"el-rostro-de-la-misericordia-en-tiempos-de-francisco-prensa","status":"publish","type":"post","link":"https:\/\/obispadodezaratecampana.org\/?p=12829","title":{"rendered":"El rostro de la misericordia en tiempos de Francisco (PRENSA)"},"content":{"rendered":"<p>El postulador oficial de las causas de beatificaci\u00f3n y de canonizaci\u00f3n de la Madre Teresa de Calcuta estar\u00e1 en Campana.\u00a0 El padre Brian Kolodiejchuck tendr\u00e1 un encuentro con j\u00f3venes y brindar\u00e1 una conferencia abierta y gratuita para toda la comunidad.<\/p>\n<p>&nbsp;<\/p>\n<p><a href=\"http:\/\/obispadodezaratecampana.org\/wp-content\/uploads\/2016\/08\/Gacetilla-de-Prensa-El-Rostro-de-la-Misericordia.doc\" target=\"_blank\">Descargar gacetilla de prensa del evento con im\u00e1genes<\/a><\/p>\n<p><a href=\"http:\/\/obispadodezaratecampana.org\/wp-content\/uploads\/2016\/08\/SANTA-TERESA-DE-AMERICA.doc\" target=\"_blank\">Descargar entrevista al postulador de la causa de canonizaci\u00f3n y conferencista invitado (parte 1)<\/a><\/p>\n<p><a href=\"http:\/\/obispadodezaratecampana.org\/wp-content\/uploads\/2016\/08\/EL-ROSTRO-DE-LA-MISERICORDIA-EN-EL-TIEMPO-DE-BERGOGLIO-1.doc\" target=\"_blank\">Descargar entrevista al postulador de la causa de canonizaci\u00f3n y conferencista invitado (parte 2)<\/a><\/p>\n<p><a href=\"https:\/\/www.youtube.com\/watch?v=C757nrqiET4\" target=\"_blank\">Video entrevista a Madre Teresa (YouTube)<\/a><\/p>\n<p>&nbsp;<\/p>\n<p>Madre Teresa en Z\u00e1rate durante entrevistas (1980)<\/p>\n<p><a href=\"http:\/\/obispadodezaratecampana.org\/wp-content\/uploads\/2016\/08\/teresazarate1.jpg\"><img fetchpriority=\"high\" decoding=\"async\" class=\"aligncenter size-full wp-image-12834\" src=\"http:\/\/obispadodezaratecampana.org\/wp-content\/uploads\/2016\/08\/teresazarate1.jpg\" alt=\"teresazarate1\" width=\"500\" height=\"363\" srcset=\"https:\/\/obispadodezaratecampana.org\/wp-content\/uploads\/2016\/08\/teresazarate1.jpg 500w, https:\/\/obispadodezaratecampana.org\/wp-content\/uploads\/2016\/08\/teresazarate1-300x217.jpg 300w\" sizes=\"(max-width: 500px) 100vw, 500px\" \/><\/a><\/p>\n<p>Madre Teresa visitando la construcci\u00f3n del actual hogar de ancianos que mantiene su congregaci\u00f3n en Z\u00e1rate (1980)<\/p>\n<p><a href=\"http:\/\/obispadodezaratecampana.org\/wp-content\/uploads\/2016\/08\/teresazarate2.jpg\"><img decoding=\"async\" class=\"aligncenter size-full wp-image-12835\" src=\"http:\/\/obispadodezaratecampana.org\/wp-content\/uploads\/2016\/08\/teresazarate2.jpg\" alt=\"teresazarate2\" width=\"500\" height=\"311\" srcset=\"https:\/\/obispadodezaratecampana.org\/wp-content\/uploads\/2016\/08\/teresazarate2.jpg 500w, https:\/\/obispadodezaratecampana.org\/wp-content\/uploads\/2016\/08\/teresazarate2-300x186.jpg 300w\" sizes=\"(max-width: 500px) 100vw, 500px\" \/><\/a><\/p>\n<p>&nbsp;<\/p>\n<p>Madre Teresa con religiosas y el P. N\u00e9stor Villa en Z\u00e1rate (1980)<\/p>\n<p><a href=\"http:\/\/obispadodezaratecampana.org\/wp-content\/uploads\/2016\/08\/teresazarate3.jpg\"><img decoding=\"async\" class=\"aligncenter size-full wp-image-12836\" src=\"http:\/\/obispadodezaratecampana.org\/wp-content\/uploads\/2016\/08\/teresazarate3.jpg\" alt=\"teresazarate3\" width=\"715\" height=\"960\" srcset=\"https:\/\/obispadodezaratecampana.org\/wp-content\/uploads\/2016\/08\/teresazarate3.jpg 715w, https:\/\/obispadodezaratecampana.org\/wp-content\/uploads\/2016\/08\/teresazarate3-223x300.jpg 223w\" sizes=\"(max-width: 715px) 100vw, 715px\" \/><\/a><\/p>\n<p>&nbsp;<\/p>\n<p>&nbsp;<\/p>\n<p>Invitaci\u00f3n a la charla<\/p>\n<p><a href=\"http:\/\/obispadodezaratecampana.org\/wp-content\/uploads\/2016\/08\/mteresa.jpg\"><img loading=\"lazy\" decoding=\"async\" class=\"aligncenter size-full wp-image-12833\" src=\"http:\/\/obispadodezaratecampana.org\/wp-content\/uploads\/2016\/08\/mteresa.jpg\" alt=\"mteresa\" width=\"1036\" height=\"799\" srcset=\"https:\/\/obispadodezaratecampana.org\/wp-content\/uploads\/2016\/08\/mteresa.jpg 1036w, https:\/\/obispadodezaratecampana.org\/wp-content\/uploads\/2016\/08\/mteresa-300x231.jpg 300w, https:\/\/obispadodezaratecampana.org\/wp-content\/uploads\/2016\/08\/mteresa-1024x789.jpg 1024w\" sizes=\"(max-width: 1036px) 100vw, 1036px\" \/><\/a><\/p>\n<p>&nbsp;<\/p>\n<p>Invitaci\u00f3n a la muestra<\/p>\n<p><a href=\"http:\/\/obispadodezaratecampana.org\/wp-content\/uploads\/2016\/08\/IMG-20160823-WA0007.jpg\"><img loading=\"lazy\" decoding=\"async\" class=\"aligncenter size-full wp-image-12839\" src=\"http:\/\/obispadodezaratecampana.org\/wp-content\/uploads\/2016\/08\/IMG-20160823-WA0007.jpg\" alt=\"IMG-20160823-WA0007\" width=\"1036\" height=\"799\" srcset=\"https:\/\/obispadodezaratecampana.org\/wp-content\/uploads\/2016\/08\/IMG-20160823-WA0007.jpg 1036w, https:\/\/obispadodezaratecampana.org\/wp-content\/uploads\/2016\/08\/IMG-20160823-WA0007-300x231.jpg 300w, https:\/\/obispadodezaratecampana.org\/wp-content\/uploads\/2016\/08\/IMG-20160823-WA0007-1024x789.jpg 1024w\" sizes=\"(max-width: 1036px) 100vw, 1036px\" \/><\/a><\/p>\n<!-- AddThis Advanced Settings generic via filter on the_content --><!-- AddThis Share Buttons generic via filter on the_content -->","protected":false},"excerpt":{"rendered":"<p>El postulador oficial de las causas de beatificaci\u00f3n y de canonizaci\u00f3n de la Madre Teresa de Calcuta estar\u00e1 en Campana.\u00a0 El padre Brian Kolodiejchuck tendr\u00e1 [&hellip;]<!-- AddThis Advanced Settings generic via filter on get_the_excerpt --><!-- AddThis Share Buttons generic via filter on get_the_excerpt --><\/p>\n","protected":false},"author":1,"featured_media":12833,"comment_status":"open","ping_status":"open","sticky":false,"template":"","format":"standard","meta":{"footnotes":""},"categories":[1],"tags":[],"class_list":["post-12829","post","type-post","status-publish","format-standard","has-post-thumbnail","hentry","category-noticiasdiocesanas"],"_links":{"self":[{"href":"https:\/\/obispadodezaratecampana.org\/index.php?rest_route=\/wp\/v2\/posts\/12829","targetHints":{"allow":["GET"]}}],"collection":[{"href":"https:\/\/obispadodezaratecampana.org\/index.php?rest_route=\/wp\/v2\/posts"}],"about":[{"href":"https:\/\/obispadodezaratecampana.org\/index.php?rest_route=\/wp\/v2\/types\/post"}],"author":[{"embeddable":true,"href":"https:\/\/obispadodezaratecampana.org\/index.php?rest_route=\/wp\/v2\/users\/1"}],"replies":[{"embeddable":true,"href":"https:\/\/obispadodezaratecampana.org\/index.php?rest_route=%2Fwp%2Fv2%2Fcomments&post=12829"}],"version-history":[{"count":4,"href":"https:\/\/obispadodezaratecampana.org\/index.php?rest_route=\/wp\/v2\/posts\/12829\/revisions"}],"predecessor-version":[{"id":12842,"href":"https:\/\/obispadodezaratecampana.org\/index.php?rest_route=\/wp\/v2\/posts\/12829\/revisions\/12842"}],"wp:featuredmedia":[{"embeddable":true,"href":"https:\/\/obispadodezaratecampana.org\/index.php?rest_route=\/wp\/v2\/media\/12833"}],"wp:attachment":[{"href":"https:\/\/obispadodezaratecampana.org\/index.php?rest_route=%2Fwp%2Fv2%2Fmedia&parent=12829"}],"wp:term":[{"taxonomy":"category","embeddable":true,"href":"https:\/\/obispadodezaratecampana.org\/index.php?rest_route=%2Fwp%2Fv2%2Fcategories&post=12829"},{"taxonomy":"post_tag","embeddable":true,"href":"https:\/\/obispadodezaratecampana.org\/index.php?rest_route=%2Fwp%2Fv2%2Ftags&post=12829"}],"curies":[{"name":"wp","href":"https:\/\/api.w.org\/{rel}","templated":true}]}}