{"id":12757,"date":"2016-08-22T23:50:13","date_gmt":"2016-08-23T02:50:13","guid":{"rendered":"http:\/\/obispadodezaratecampana.org\/?p=12757"},"modified":"2016-08-25T20:05:05","modified_gmt":"2016-08-25T23:05:05","slug":"27-y-28-de-septiembre-jornadas-abiertas-de-estudio-y-reflexion-sobre-el-proceso-de-canonizaci","status":"publish","type":"post","link":"https:\/\/obispadodezaratecampana.org\/?p=12757","title":{"rendered":"27 y 28 de septiembre: Jornadas Abiertas de Estudio y Reflexi\u00f3n sobre el proceso de Canonizaci\u00f3n"},"content":{"rendered":"<p style=\"text-align: justify;\">Los d\u00edas 27 y 28 de septiembre se realizar\u00e1n unas Jornadas Abiertas de Estudio y Reflexi\u00f3n sobre el proceso de canonizaci\u00f3n. Bajo el t\u00edtulo \u201cLa santidad canonizable en la Iglesia Argentina\u201d el curso se desarrollar\u00e1 en el Auditorio Mons. Derisi de la UCA (Alicia M. de Justo 1400) en Buenos Aires.<br \/>\nDurante los dos d\u00edas se abordar\u00e1n los siguientes temas: \u201cLa santidad canonizable\u201d a cargo del Pbro. Dr. Ariel Busso; \u201cLos archivos y la investigaci\u00f3n hist\u00f3rica\u201d por el Pbro. Dr. Ernesto Salvia y la Dra. Mar\u00eda Julia De Ruschi Crespo; \u201cSituaciones usuales en la fase diocesana\u201d por el R.P. Dr. Ricardo Medina y la Hna. Isabel Fern\u00e1ndez; \u201cEl sostenimiento econ\u00f3mico de las causas\u201d por el Pbro. Dr. Hugo von Ustinov; \u201cSobre los milagros en las causas argentinas\u201d por el Pbro. Lic. Dante Sim\u00f3n sdb; \u201cLa fase romana y las causas argentina\u201d por el Lic. Fern\u00e1n de Elizalde.<br \/>\nLas Jornadas est\u00e1n organizadas por la Delegaci\u00f3n Episcopal para las Causas de los Santos de la Conferencia Episcopal Argentina y la Facultad de Derecho Can\u00f3nico de la UCA. Tienen un costo de $ 300 y por informes e inscripci\u00f3n se puede consultar llamando al tel\u00e9fono (011) 43490451\/52 o escribiendo a canonico@uca.edu.ar<\/p>\n<p><img fetchpriority=\"high\" decoding=\"async\" class=\" wp-image-12758 aligncenter\" src=\"http:\/\/obispadodezaratecampana.org\/wp-content\/uploads\/2016\/08\/charla-300x203.jpg\" alt=\"charla\" width=\"645\" height=\"358\" \/><\/p>\n<!-- AddThis Advanced Settings generic via filter on the_content --><!-- AddThis Share Buttons generic via filter on the_content -->","protected":false},"excerpt":{"rendered":"<p>Los d\u00edas 27 y 28 de septiembre se realizar\u00e1n unas Jornadas Abiertas de Estudio y Reflexi\u00f3n sobre el proceso de canonizaci\u00f3n. Bajo el t\u00edtulo \u201cLa [&hellip;]<!-- AddThis Advanced Settings generic via filter on get_the_excerpt --><!-- AddThis Share Buttons generic via filter on get_the_excerpt --><\/p>\n","protected":false},"author":2,"featured_media":12758,"comment_status":"open","ping_status":"open","sticky":false,"template":"","format":"standard","meta":{"footnotes":""},"categories":[5,1],"tags":[],"class_list":["post-12757","post","type-post","status-publish","format-standard","has-post-thumbnail","hentry","category-generales","category-noticiasdiocesanas"],"_links":{"self":[{"href":"https:\/\/obispadodezaratecampana.org\/index.php?rest_route=\/wp\/v2\/posts\/12757","targetHints":{"allow":["GET"]}}],"collection":[{"href":"https:\/\/obispadodezaratecampana.org\/index.php?rest_route=\/wp\/v2\/posts"}],"about":[{"href":"https:\/\/obispadodezaratecampana.org\/index.php?rest_route=\/wp\/v2\/types\/post"}],"author":[{"embeddable":true,"href":"https:\/\/obispadodezaratecampana.org\/index.php?rest_route=\/wp\/v2\/users\/2"}],"replies":[{"embeddable":true,"href":"https:\/\/obispadodezaratecampana.org\/index.php?rest_route=%2Fwp%2Fv2%2Fcomments&post=12757"}],"version-history":[{"count":2,"href":"https:\/\/obispadodezaratecampana.org\/index.php?rest_route=\/wp\/v2\/posts\/12757\/revisions"}],"predecessor-version":[{"id":12760,"href":"https:\/\/obispadodezaratecampana.org\/index.php?rest_route=\/wp\/v2\/posts\/12757\/revisions\/12760"}],"wp:featuredmedia":[{"embeddable":true,"href":"https:\/\/obispadodezaratecampana.org\/index.php?rest_route=\/wp\/v2\/media\/12758"}],"wp:attachment":[{"href":"https:\/\/obispadodezaratecampana.org\/index.php?rest_route=%2Fwp%2Fv2%2Fmedia&parent=12757"}],"wp:term":[{"taxonomy":"category","embeddable":true,"href":"https:\/\/obispadodezaratecampana.org\/index.php?rest_route=%2Fwp%2Fv2%2Fcategories&post=12757"},{"taxonomy":"post_tag","embeddable":true,"href":"https:\/\/obispadodezaratecampana.org\/index.php?rest_route=%2Fwp%2Fv2%2Ftags&post=12757"}],"curies":[{"name":"wp","href":"https:\/\/api.w.org\/{rel}","templated":true}]}}