{"id":12754,"date":"2016-09-01T08:00:14","date_gmt":"2016-09-01T11:00:14","guid":{"rendered":"http:\/\/obispadodezaratecampana.org\/?p=12754"},"modified":"2016-09-01T12:26:23","modified_gmt":"2016-09-01T15:26:23","slug":"jueves-1-de-septiembre-jornada-mundial-de-oracion-por-el-cuidado-de-la-creaci","status":"publish","type":"post","link":"https:\/\/obispadodezaratecampana.org\/?p=12754","title":{"rendered":"Jueves 1\u00b0 de septiembre: Jornada Mundial de Oraci\u00f3n por el cuidado de la Creaci\u00f3n"},"content":{"rendered":"<p style=\"text-align: justify;\"><span style=\"color: #993300;\">La Conferencia Episcopal Argentina a trav\u00e9s de la Comisi\u00f3n Nacional de Justicia y Paz, la Comisi\u00f3n Episcopal de Pastoral Social, el Departamento de Laicos, la Acci\u00f3n Cat\u00f3lica Argentina, la Comisi\u00f3n Episcopal de Ecumenismo, Relaciones con el Juda\u00edsmo, el Islam y otras religiones, junto a un gran grupo de organizaciones de distintos credos y de la sociedad civil invitan a todos los hombres y mujeres de buena voluntad a unirse a la JORNADA MUNDIAL DE ORACI\u00d3N POR EL CUIDADO DE LA CREACI\u00d3N que se celebra en todo el mundo el jueves 1 de Septiembre.<\/span><\/p>\n<p style=\"text-align: justify;\"><span style=\"color: #993300;\">La Jornada fue instituida por el Papa Francisco, en el 2015, para ofrecer \u201ca cada creyente y a las comunidades una valiosa oportunidad de renovar la adhesi\u00f3n personal a la propia vocaci\u00f3n de custodios de la creaci\u00f3n, elevando a Dios una acci\u00f3n de gracias por la maravillosa obra que \u00c9l ha confiado a nuestro cuidado, invocando su ayuda para la protecci\u00f3n de la creaci\u00f3n y su misericordia por los pecados cometidos contra el mundo en el que vivimos.\u201d<\/span><\/p>\n<p style=\"text-align: justify;\"><span style=\"color: #993300;\">La crisis ecol\u00f3gica nos llama a todos a una profunda conversi\u00f3n espiritual, porque est\u00e1 en peligro la existencia misma de la familia humana. El desaf\u00edo urgente de cuidar nuestra &#8220;casa com\u00fan&#8221; nos invita a unirnos todos en la b\u00fasqueda de un desarrollo sostenible e integral y a rezar juntos, cada uno seg\u00fan su propia tradici\u00f3n.<\/span><\/p>\n<p style=\"text-align: justify;\"><span style=\"color: #993300;\">El jueves 1 de septiembre, junto al Papa Francisco, nos unimos en oraci\u00f3n personal y comunitaria por el cuidado de la creaci\u00f3n y decimos:<\/span><\/p>\n<p style=\"text-align: justify;\"><span style=\"color: #993300;\">&#8211; Gracias por la creaci\u00f3n recibida como don y sustento.<\/span><br \/>\n<span style=\"color: #993300;\">&#8211; Perd\u00f3n por los da\u00f1os, los abusos y el olvido de los m\u00e1s d\u00e9biles.<\/span><br \/>\n<span style=\"color: #993300;\">&#8211; Ay\u00fadanos a comprometernos a proteger la Tierra y la Vida.<\/span><br \/>\n<span style=\"color: #993300;\">Un gesto concreto de esta Jornada, ser\u00e1 la Celebraci\u00f3n Interreligiosa que se realizar\u00e1 el mismo jueves 1 de septiembre a las 17 hs en la Iglesia de San Ignacio de Loyola, Bol\u00edvar 225. CABA<\/span><\/p>\n<p><img fetchpriority=\"high\" decoding=\"async\" class=\" wp-image-12755 aligncenter\" src=\"http:\/\/obispadodezaratecampana.org\/wp-content\/uploads\/2016\/08\/14124933_1101792399903028_7516276036884266314_o-207x300.jpg\" alt=\"14124933_1101792399903028_7516276036884266314_o\" width=\"417\" height=\"438\" \/><\/p>\n<!-- AddThis Advanced Settings generic via filter on the_content --><!-- AddThis Share Buttons generic via filter on the_content -->","protected":false},"excerpt":{"rendered":"<p>La Conferencia Episcopal Argentina a trav\u00e9s de la Comisi\u00f3n Nacional de Justicia y Paz, la Comisi\u00f3n Episcopal de Pastoral Social, el Departamento de Laicos, la [&hellip;]<!-- AddThis Advanced Settings generic via filter on get_the_excerpt --><!-- AddThis Share Buttons generic via filter on get_the_excerpt --><\/p>\n","protected":false},"author":2,"featured_media":12755,"comment_status":"open","ping_status":"open","sticky":false,"template":"","format":"standard","meta":{"footnotes":""},"categories":[5,1],"tags":[],"class_list":["post-12754","post","type-post","status-publish","format-standard","has-post-thumbnail","hentry","category-generales","category-noticiasdiocesanas"],"_links":{"self":[{"href":"https:\/\/obispadodezaratecampana.org\/index.php?rest_route=\/wp\/v2\/posts\/12754","targetHints":{"allow":["GET"]}}],"collection":[{"href":"https:\/\/obispadodezaratecampana.org\/index.php?rest_route=\/wp\/v2\/posts"}],"about":[{"href":"https:\/\/obispadodezaratecampana.org\/index.php?rest_route=\/wp\/v2\/types\/post"}],"author":[{"embeddable":true,"href":"https:\/\/obispadodezaratecampana.org\/index.php?rest_route=\/wp\/v2\/users\/2"}],"replies":[{"embeddable":true,"href":"https:\/\/obispadodezaratecampana.org\/index.php?rest_route=%2Fwp%2Fv2%2Fcomments&post=12754"}],"version-history":[{"count":2,"href":"https:\/\/obispadodezaratecampana.org\/index.php?rest_route=\/wp\/v2\/posts\/12754\/revisions"}],"predecessor-version":[{"id":12795,"href":"https:\/\/obispadodezaratecampana.org\/index.php?rest_route=\/wp\/v2\/posts\/12754\/revisions\/12795"}],"wp:featuredmedia":[{"embeddable":true,"href":"https:\/\/obispadodezaratecampana.org\/index.php?rest_route=\/wp\/v2\/media\/12755"}],"wp:attachment":[{"href":"https:\/\/obispadodezaratecampana.org\/index.php?rest_route=%2Fwp%2Fv2%2Fmedia&parent=12754"}],"wp:term":[{"taxonomy":"category","embeddable":true,"href":"https:\/\/obispadodezaratecampana.org\/index.php?rest_route=%2Fwp%2Fv2%2Fcategories&post=12754"},{"taxonomy":"post_tag","embeddable":true,"href":"https:\/\/obispadodezaratecampana.org\/index.php?rest_route=%2Fwp%2Fv2%2Ftags&post=12754"}],"curies":[{"name":"wp","href":"https:\/\/api.w.org\/{rel}","templated":true}]}}