{"id":12751,"date":"2016-08-21T23:22:58","date_gmt":"2016-08-22T02:22:58","guid":{"rendered":"http:\/\/obispadodezaratecampana.org\/?p=12751"},"modified":"2016-08-22T23:27:07","modified_gmt":"2016-08-23T02:27:07","slug":"22-de-agosto-santa-maria-reina","status":"publish","type":"post","link":"https:\/\/obispadodezaratecampana.org\/?p=12751","title":{"rendered":"22 de agosto: Santa Maria Reina"},"content":{"rendered":"<p><img fetchpriority=\"high\" decoding=\"async\" class=\" wp-image-12752 aligncenter\" src=\"http:\/\/obispadodezaratecampana.org\/wp-content\/uploads\/2016\/08\/14067515_1165941243462677_3460738768004265555_n-300x300.jpg\" alt=\"14067515_1165941243462677_3460738768004265555_n\" width=\"491\" height=\"340\" \/><\/p>\n<h3><span style=\"color: rgb(51, 51, 153);\">Santa Mar\u00eda Reina<\/span><\/h3>\n<h3><span style=\"color: rgb(51, 51, 153);\">Este t\u00edtulo mariano manifiesta la conexi\u00f3n que entre la realeza de Mar\u00eda y su asunci\u00f3n a los cielos. La doctrina de la Iglesia dice que si Mar\u00eda subi\u00f3 en cuerpo y alma al cielo fue para ser all\u00ed coronada por su hijo, Jes\u00fas, como Reina y Se\u00f1ora de cielos y tierra. La realeza de Mar\u00eda es un tema tradicional en la Iglesia, proclamada por la tradici\u00f3n oriental y occidental. La liturgia la llama Reina en varias ant\u00edfonas. Desde hace mil a\u00f1os se reza y canta en toda la Iglesia la invocaci\u00f3n \u201cSalve Regina\u201d. P\u00edo XII clausur\u00f3 el A\u00f1o Mariano Universal, el 11 de octubre de 1954, instituyendo la fiesta lit\u00fargica de Mar\u00eda Reina y publicando una Carta Enc\u00edclica -&#8220;Fulget corona&#8221;- sobre el tema. El Concilio Vaticano II en la Constituci\u00f3n \u201cLumen Gentium\u201d, declar\u00f3 que \u201cMar\u00eda fue asunta a la gloria celestial y ensalzada por el Se\u00f1or como Reina Universal\u201d.<\/span><\/h3>\n<p>Fuente: AICA<\/p>\n<!-- AddThis Advanced Settings generic via filter on the_content --><!-- AddThis Share Buttons generic via filter on the_content -->","protected":false},"excerpt":{"rendered":"<p>Santa Mar\u00eda Reina Este t\u00edtulo mariano manifiesta la conexi\u00f3n que entre la realeza de Mar\u00eda y su asunci\u00f3n a los cielos. La doctrina de la [&hellip;]<!-- AddThis Advanced Settings generic via filter on get_the_excerpt --><!-- AddThis Share Buttons generic via filter on get_the_excerpt --><\/p>\n","protected":false},"author":2,"featured_media":12752,"comment_status":"open","ping_status":"open","sticky":false,"template":"","format":"standard","meta":{"footnotes":""},"categories":[1,166],"tags":[],"class_list":["post-12751","post","type-post","status-publish","format-standard","has-post-thumbnail","hentry","category-noticiasdiocesanas","category-santoral"],"_links":{"self":[{"href":"https:\/\/obispadodezaratecampana.org\/index.php?rest_route=\/wp\/v2\/posts\/12751","targetHints":{"allow":["GET"]}}],"collection":[{"href":"https:\/\/obispadodezaratecampana.org\/index.php?rest_route=\/wp\/v2\/posts"}],"about":[{"href":"https:\/\/obispadodezaratecampana.org\/index.php?rest_route=\/wp\/v2\/types\/post"}],"author":[{"embeddable":true,"href":"https:\/\/obispadodezaratecampana.org\/index.php?rest_route=\/wp\/v2\/users\/2"}],"replies":[{"embeddable":true,"href":"https:\/\/obispadodezaratecampana.org\/index.php?rest_route=%2Fwp%2Fv2%2Fcomments&post=12751"}],"version-history":[{"count":1,"href":"https:\/\/obispadodezaratecampana.org\/index.php?rest_route=\/wp\/v2\/posts\/12751\/revisions"}],"predecessor-version":[{"id":12753,"href":"https:\/\/obispadodezaratecampana.org\/index.php?rest_route=\/wp\/v2\/posts\/12751\/revisions\/12753"}],"wp:featuredmedia":[{"embeddable":true,"href":"https:\/\/obispadodezaratecampana.org\/index.php?rest_route=\/wp\/v2\/media\/12752"}],"wp:attachment":[{"href":"https:\/\/obispadodezaratecampana.org\/index.php?rest_route=%2Fwp%2Fv2%2Fmedia&parent=12751"}],"wp:term":[{"taxonomy":"category","embeddable":true,"href":"https:\/\/obispadodezaratecampana.org\/index.php?rest_route=%2Fwp%2Fv2%2Fcategories&post=12751"},{"taxonomy":"post_tag","embeddable":true,"href":"https:\/\/obispadodezaratecampana.org\/index.php?rest_route=%2Fwp%2Fv2%2Ftags&post=12751"}],"curies":[{"name":"wp","href":"https:\/\/api.w.org\/{rel}","templated":true}]}}