{"id":12736,"date":"2016-08-21T13:17:01","date_gmt":"2016-08-21T16:17:01","guid":{"rendered":"http:\/\/obispadodezaratecampana.org\/?p=12736"},"modified":"2016-08-21T13:17:01","modified_gmt":"2016-08-21T16:17:01","slug":"papa-francisco-nuestra-salvacion-no-es-un-video-juego","status":"publish","type":"post","link":"https:\/\/obispadodezaratecampana.org\/?p=12736","title":{"rendered":"Papa Francisco: Nuestra Salvaci\u00f3n no es un video juego"},"content":{"rendered":"<div class=\"entry-container\">\n<div class=\"entry-content\">\n<p style=\"text-align: justify;\">(ZENIT \u2013 Ciudad del Vaticano).- El santo padre Francisco rez\u00f3 este domingo la oraci\u00f3n del \u00e1ngelus desde la ventana de su estudio que da hacia la plaza de San Pedro, en donde miles de fieles y peregrinos le esperaban. Y record\u00f3\u00a0que la salvaci\u00f3n es lo principal en nuestra vida. Se\u00f1al\u00f3 tambi\u00e9n que la puerta del cielo es estrecha pero \u00a0que est\u00e1 siempre abierta, aunque\u00a0para entrar por ella debemos dejar\u00a0nuestro orgullo que nos hincha. Invit\u00f3 durante sus palabras\u00a0a mantener unos instantes de silencio para interrogarnos sobre qu\u00e9 cosas nos impiden entrar por esa puerta.\u00a0Y subray\u00f3 que Jes\u00fas nos espera, a cada uno de nosotros, a pesar de cualquier pecado hayamos cometido, para abrazarnos y para ofrecernos su perd\u00f3n. Y que esta puerta es una ocasi\u00f3n que no debemos desperdiciar.<\/p>\n<p style=\"text-align: justify;\"><strong style=\"font-weight: bold;\">A continuaci\u00f3n el texto<\/strong><\/p>\n<p style=\"text-align: justify;\">\u00abQueridos hermanos y hermanas, buenos d\u00edas<\/p>\n<p style=\"text-align: justify;\">La p\u00e1gina del evangelio de hoy nos exhorta a meditar sobre el tema de la salvaci\u00f3n.\u00a0El evangelista Lucas cuenta\u00a0que Jes\u00fas est\u00e1 en viaje hacia Jerusal\u00e9n y durante el recorrido se le acerca un tal que le plantea esta pregunta: \u201c\u00bfSe\u00f1or, son pocos los que se salvan?\u201d.<\/p>\n<p style=\"text-align: justify;\">Jes\u00fas no da una respuesta directa, pero desplaza el debate a otro plano, con un lenguaje sugestivo: \u201cTraten de entrar por la puerta estrecha, porque les aseguro que muchos querr\u00e1n entrar y no lo conseguir\u00e1n\u201d.<\/p>\n<p style=\"text-align: justify;\">Con la imagen de la puerta, \u00c8l quiere hacer entender a quienes le escuchan que no es cuesti\u00f3n de n\u00fameros, no importa saber cuantos se salvan. Lo importante es que todos sepan cu\u00e1l es el camino que conduce a la salvaci\u00f3n, a la puerta.<\/p>\n<p style=\"text-align: justify;\">Y tal recorrido prev\u00e9 que se cruce una puerta. \u00bfPero d\u00f3nde est\u00e1 la puerta, qui\u00e9n es la puerta? Jes\u00fas mismo es la puerta. Nos los dice \u00c9l en el evangelio de San Juan: \u2018Yo soy la puerta\u2019.\u00a0\u00c9l nos conduce a la comuni\u00f3n con el Padre, donde encontramos amor, comprensi\u00f3n y protecci\u00f3n. \u00bfPero por qu\u00e9 esta puerta es angosta?, nos podemos preguntar.<\/p>\n<p style=\"text-align: justify;\">Es una puerta angosta no porque sea opresora, sino porque pide restringir y contener nuestro orgullo y nuestro miedo, para abrirnos con coraz\u00f3n humilde y confiado a \u00c9l, reconoci\u00e9ndonos pecadores, necesitados de su perd\u00f3n.\u00a0Por esto es estrecha, para contener nuestro orgullo que nos hincha.<\/p>\n<p style=\"text-align: justify;\">\u00a1La puerta de la Misericordia es Dios, es estrecha pero est\u00e1 siempre y enteramente abierta para todos! Dios no tiene preferencias, sino que recibe siempre a todos sin distinciones.\u00a0Una puerta estrecha para contener nuestro orgullo y nuestro miedo; una puerta amplia porque Dios recibe a todos sin distinci\u00f3n.<\/p>\n<p style=\"text-align: justify;\">Y la salvaci\u00f3n que \u00c9l nos da es un flujo incesante de misericordia que derrumba todas las barreras y abre sorprendentes perspectivas de luz y de paz. La puerta es estrecha pero siempre abierta, no se olviden de \u00e9sto.<\/p>\n<p style=\"text-align: justify;\">Hoy Jes\u00fas nos dirige, una vez m\u00e1s, una invitaci\u00f3n insistente para ir hacia \u00c9l, para atravesar la puerta de la vida plena, reconciliada y feliz. \u00c9l nos espera, a cada uno de nosotros, a pesar de cualquier pecado que hayamos cometido, para abrazarnos, para ofrecernos su perd\u00f3n.<\/p>\n<p style=\"text-align: justify;\">Solamente \u00c9l puede transformar mi coraz\u00f3n. Solamente \u00c9l puede dar sentido pleno a nuestra existencia, don\u00e1ndonos la verdadera alegr\u00eda.\u00a0Entrando por la puerta de Jes\u00fas, la puerta de la fe y del evangelio, nosotros podremos salir de las actitudes mundanas, de las malas costumbres, de los ego\u00edsmos y del cerrarnos en nosotros mismos.<\/p>\n<p style=\"text-align: justify;\">Cuando hay un contacto con el amor y la misericordia de Dios hay un cambio aut\u00e9ntico. Y nuestra vida es iluminada por la luz del Esp\u00edritu Santo: \u00a1una luz inextinguible!<\/p>\n<p style=\"text-align: justify;\">Quiero hacerles una propuesta: pensemos ahora en silencio y por algunos instantes en las cosas que tenemos dentro de nosotros y que nos impiden cruzar la puerta: mi orgullo, mi soberbia, mis pecados. Y despu\u00e9s pensemos en otra puerta, esa abierta de la misericordia de Dios que del otro lado nos espera para darnos el perd\u00f3n.<\/p>\n<p style=\"text-align: justify;\">El Se\u00f1or nos ofrece muchas ocasiones para salvarnos y entrar a trav\u00e9s de la puerta de la salvaci\u00f3n. Esta puerta es una ocasi\u00f3n que no debemos desperdiciar: no debemos hacer discursos acad\u00e9micos sobre la salvaci\u00f3n, como el de aquel tal que se dirigi\u00f3 a Jes\u00fas, sino que debemos aferrar las ocasiones de salvaci\u00f3n.\u00a0Porque en un determinado momento \u201cel patr\u00f3n de la casa se levantar\u00e1 y cerrar\u00e1 la puerta\u201d, como nos ha recordado el Evangelio.<\/p>\n<p style=\"text-align: justify;\">Pero si Dios es bueno y nos ama, \u00bfpor qu\u00e9 cierra la puerta? Porque nuestra vida no es un videojuego o una telenovela; nuestra vida es seria y el objetivo importante que debemos alcanzar es la salvaci\u00f3n eterna.<\/p>\n<p style=\"text-align: justify;\">A la Virgen Mar\u00eda, Puerta del Cielo, le pedimos que nos ayude a no perder las ocasiones que el Se\u00f1or nos ofrece para cruzar la puerta de la fe y as\u00ed entrar en un camino ancho: es el camino de la salvaci\u00f3n, capaz de recibir a todos quienes se dejan abrazar por el amor.<\/p>\n<p style=\"text-align: justify;\">Es el amor que salva, el amor que ya en la tierra es fuente de la bienaventuranza de quienes, en la mansedumbre, en la paciencia y en la justicia se olvidan de s\u00ed mismos y se dan a los otros, especialmente a los m\u00e1s d\u00e9biles.<\/p>\n<p style=\"text-align: justify;\"><strong style=\"font-weight: bold;\">Angelus Domini\u2026<\/strong><\/p>\n<p style=\"text-align: justify;\">\u00abQueridos hermanos y hermanas, me ha llegado la triste noticia del atentado sanguinario que ayer golpe\u00f3 a la querida Turqu\u00eda. Recemos por las v\u00edctimas, muertos y heridos y pidamos el don de la paz para todos\u00bb.<\/p>\n<p style=\"text-align: justify;\">Ave Mar\u00eda\u2026<\/p>\n<p style=\"text-align: justify;\">\u00abSaludo cordialmente a los peregrinos romanos y a los que vienen de varios pa\u00edses, en particular a los fieles de Kalisz (Polonia), Gondomar (Portugal). Quiero saludar tambi\u00e9n de manera particular a los nuevos seminaristas del Pontificio Colegio Norteamericano. \u00a1Bienvenidos a Roma!<\/p>\n<p style=\"text-align: justify;\">Saludo a la Asociaci\u00f3n Sant\u00edsimo Redentor de Manfredonia, a los motociclistas del Polesine, a los fieles de Delianuova y a los de Verona que vinieron a pi\u00e9 en peregrinaci\u00f3n. Saludo a los j\u00f3venes que vinieron para dar un servicio a los comedores de la C\u00e1ritas de Roma.\u00a0A todos les deseo un buen domingo. Y por favor no se olviden de rezar por mi\u00bb.<br \/>\nY concluy\u00f3 con un \u201c<em>\u00a1Buon pranzo e arrivederci!<\/em>\u201d.<\/p>\n<p style=\"text-align: justify;\">(Texto traducido desde el audio por ZENIT) Domingo 21 de agosto<\/p>\n<\/div>\n<\/div>\n<footer class=\"entry-footer\">\n<div id=\"sharelinks\" class=\"share-icons\" style=\"text-align: justify;\"><\/div>\n<\/footer>\n<!-- AddThis Advanced Settings generic via filter on the_content --><!-- AddThis Share Buttons generic via filter on the_content -->","protected":false},"excerpt":{"rendered":"<p>(ZENIT \u2013 Ciudad del Vaticano).- El santo padre Francisco rez\u00f3 este domingo la oraci\u00f3n del \u00e1ngelus desde la ventana de su estudio que da hacia [&hellip;]<!-- AddThis Advanced Settings generic via filter on get_the_excerpt --><!-- AddThis Share Buttons generic via filter on get_the_excerpt --><\/p>\n","protected":false},"author":2,"featured_media":12737,"comment_status":"open","ping_status":"open","sticky":false,"template":"","format":"standard","meta":{"footnotes":""},"categories":[161,1],"tags":[],"class_list":["post-12736","post","type-post","status-publish","format-standard","has-post-thumbnail","hentry","category-el-papa-leonxiv","category-noticiasdiocesanas"],"_links":{"self":[{"href":"https:\/\/obispadodezaratecampana.org\/index.php?rest_route=\/wp\/v2\/posts\/12736","targetHints":{"allow":["GET"]}}],"collection":[{"href":"https:\/\/obispadodezaratecampana.org\/index.php?rest_route=\/wp\/v2\/posts"}],"about":[{"href":"https:\/\/obispadodezaratecampana.org\/index.php?rest_route=\/wp\/v2\/types\/post"}],"author":[{"embeddable":true,"href":"https:\/\/obispadodezaratecampana.org\/index.php?rest_route=\/wp\/v2\/users\/2"}],"replies":[{"embeddable":true,"href":"https:\/\/obispadodezaratecampana.org\/index.php?rest_route=%2Fwp%2Fv2%2Fcomments&post=12736"}],"version-history":[{"count":1,"href":"https:\/\/obispadodezaratecampana.org\/index.php?rest_route=\/wp\/v2\/posts\/12736\/revisions"}],"predecessor-version":[{"id":12738,"href":"https:\/\/obispadodezaratecampana.org\/index.php?rest_route=\/wp\/v2\/posts\/12736\/revisions\/12738"}],"wp:featuredmedia":[{"embeddable":true,"href":"https:\/\/obispadodezaratecampana.org\/index.php?rest_route=\/wp\/v2\/media\/12737"}],"wp:attachment":[{"href":"https:\/\/obispadodezaratecampana.org\/index.php?rest_route=%2Fwp%2Fv2%2Fmedia&parent=12736"}],"wp:term":[{"taxonomy":"category","embeddable":true,"href":"https:\/\/obispadodezaratecampana.org\/index.php?rest_route=%2Fwp%2Fv2%2Fcategories&post=12736"},{"taxonomy":"post_tag","embeddable":true,"href":"https:\/\/obispadodezaratecampana.org\/index.php?rest_route=%2Fwp%2Fv2%2Ftags&post=12736"}],"curies":[{"name":"wp","href":"https:\/\/api.w.org\/{rel}","templated":true}]}}