{"id":12729,"date":"2016-08-25T15:00:10","date_gmt":"2016-08-25T18:00:10","guid":{"rendered":"http:\/\/obispadodezaratecampana.org\/?p=12729"},"modified":"2016-09-04T13:59:38","modified_gmt":"2016-09-04T16:59:38","slug":"mons-pedro-el-catequista-es-discipulo-y-misionero-de-jesus-y-por-esto-vive-la-misericordia","status":"publish","type":"post","link":"https:\/\/obispadodezaratecampana.org\/?p=12729","title":{"rendered":"Mons Pedro: El Catequista es disc\u00edpulo y misionero de Jes\u00fas, y por esto vive la misericordia"},"content":{"rendered":"<p style=\"text-align: justify;\"><strong><span style=\"color: #003366;\">S\u00e1bado 3 de septiembre XVI Encuentro Diocesano de Catequesis\u00a0<\/span><\/strong><\/p>\n<p style=\"text-align: justify;\"><span style=\"color: #003366;\">En el d\u00eda del Catequista nuestro Obispo Pedro saluda y felicita a todos quienes realizan tan noble tarea, recordando que &#8220;el Catequista es disc\u00edpulo y misionero de Jes\u00fas, y por esto vive la misericordia&#8221;. Invita y alienta adem\u00e1s a toda la comunidad diocesana a participar del pr\u00f3ximo Encuentro Diocesano de Catequesis el pr\u00f3ximo s\u00e1bado 3 de septiembre en Pilar.<\/span><\/p>\n<p><span style=\"color: #003366;\">\u00a0<img fetchpriority=\"high\" decoding=\"async\" class=\" wp-image-12730 aligncenter\" src=\"http:\/\/obispadodezaratecampana.org\/wp-content\/uploads\/2016\/08\/ENDICA-300x225.jpg\" alt=\"ENDICA\" width=\"530\" height=\"333\" \/><\/span><\/p>\n<p><span style=\"color: #003366;\"><strong>Talleres que se dictar\u00e1n de manera simult\u00e1nea durante la jornada<\/strong><\/span><\/p>\n<p><span style=\"color: #003366;\">1. Aproximaci\u00f3n a la noci\u00f3n b\u00edblica de &#8220;misericordia\u201d.<\/span><\/p>\n<p><span style=\"color: #003366;\">&#8220;Porque el que no tiene misericordia ser\u00e1 juzgado sin misericordia, pero la misericordia se r\u00ede del juicio&#8221; (Santiago 2,13)<\/span><br \/>\n<span style=\"color: #003366;\">A cargo de la Lic Claudia Mendoza.<\/span><\/p>\n<p style=\"text-align: justify;\"><span style=\"color: #003366;\">2. \u00bfMaestro d\u00f3nde vives? Camino para J\u00f3venes:<\/span><br \/>\n<span style=\"color: #003366;\">Recorrido por los lugares propios del Se\u00f1or.<\/span><br \/>\n<span style=\"color: #003366;\">A cargo de la Docente \u2013 Catequista. M\u00f3nica Bearzot de Torino .<\/span><\/p>\n<p style=\"text-align: justify;\"><span style=\"color: #003366;\">3. \u00bfQu\u00e9 es la Misericordia de Dios?<\/span><br \/>\n<span style=\"color: #003366;\">Una lectura del G\u00e9nesis y del \u00c9xodo iluminados desde el evangelio de San Marcos. <\/span><br \/>\n<span style=\"color: #003366;\">A cargo del Lic. Daniel Torino<\/span><\/p>\n<p style=\"text-align: justify;\"><span style=\"color: #003366;\">4. Catequesis especial&#8230;integraci\u00f3n y personalizaci\u00f3n.<\/span><br \/>\n<span style=\"color: #003366;\">Debemos considerar siempre proteger y promover la dignidad y el desarrollo integral de las personas con discapacidad, especialmente la dimensi\u00f3n espiritual que muchas veces queda relegada.<\/span><br \/>\n<span style=\"color: #003366;\">A cargo de la Sra. Ethel Joandet Directora de la Junta Diocesana de Mor\u00f3n. Catequista de personas con capacidades diferentes.<\/span><\/p>\n<p style=\"text-align: justify;\"><span style=\"color: #003366;\">5. Catequistas misioneros en nuestros barrios. <\/span><br \/>\n<span style=\"color: #003366;\">Los catequistas enfrentamos problemas sociales: p\u00e9rdidas de ra\u00edces culturales, desintegraci\u00f3n familiar, fragmentaciones y confusi\u00f3n religiosa, adicciones\u2026 \u00bfC\u00f3mo Anunciar? \u00bfQu\u00e9 anunciar? \u00bfA qui\u00e9n a Anunciar?<\/span><br \/>\n<span style=\"color: #003366;\">A cargo del \u00c1rea de Formaci\u00f3n <\/span><br \/>\n<span style=\"color: #003366;\">de la Junta Diocesana de Catequesis.<\/span><\/p>\n<p style=\"text-align: justify;\"><span style=\"color: #003366;\">6. Encuentro con la vida taller sobre: Pastoral Bautismal.<\/span><br \/>\n<span style=\"color: #003366;\">Una Iglesia Madre que engendra y acompa\u00f1a. <\/span><br \/>\n<span style=\"color: #003366;\">A cargo del \u00c1rea de Adultos<\/span><br \/>\n<span style=\"color: #003366;\">De la Junta Diocesana de Catequesis.<\/span><\/p>\n<p style=\"text-align: justify;\"><span style=\"color: #003366;\">7. La Lectio Divina en la Catequesis.<\/span><br \/>\n<span style=\"color: #003366;\">El objetivo de este taller es fomentar la lectura y escucha de la Palabra durante los encuentros de catequesis y pastoral.<\/span><br \/>\n<span style=\"color: #003366;\">A cargo del equipo de Animaci\u00f3n B\u00edblica de la Pastoral Diocesana.<\/span><\/p>\n<p style=\"text-align: justify;\"><span style=\"color: #003366;\">8. S\u00f3lo el amor transforma la pobreza.<\/span><br \/>\n<span style=\"color: #003366;\">Ver, discernir y actuar como disc\u00edpulos misioneros frente a las viejas y nuevas formas de pobreza. <\/span><br \/>\n<span style=\"color: #003366;\">A cargo del equipo de C\u00e1ritas Diocesana.<\/span><\/p>\n<p style=\"text-align: justify;\"><span style=\"color: #003366;\">9. El catequista y las nuevas realidades de familia. <\/span><br \/>\n<span style=\"color: #003366;\">El taller propone el abordaje y la reflexi\u00f3n sobre las nuevas realidades de familias que vienen a la catequesis, nuestras actitudes pastorales a la luz del Evangelio y de la Exhortaci\u00f3n Amoris Laetitia <\/span><br \/>\n<span style=\"color: #003366;\">A cargo del equipo de Pastoral Familiar Diocesana.<\/span><\/p>\n<p style=\"text-align: justify;\"><span style=\"color: #003366;\">10. \u00bfC\u00f3mo utilizar los medios de comunicaci\u00f3n para la catequesis? Algunos recursos. <\/span><br \/>\n<span style=\"color: #003366;\">El uso de los medios de comunicaci\u00f3n ocupa gran parte de nuestro d\u00eda. No s\u00f3lo en el caso de los ni\u00f1os y adolescentes, sino en toda la familia. \u00bfC\u00f3mo utilizar las nuevas tecnolog\u00edas para favorecer la evangelizaci\u00f3n? <\/span><br \/>\n<span style=\"color: #003366;\">A cargo del equipo de la Pastoral de la Comunicaci\u00f3n Diocesana.<\/span><\/p>\n<p style=\"text-align: justify;\"><span style=\"color: #003366;\">11. M\u00fasica para la Catequesis. <\/span><br \/>\n<span style=\"color: #003366;\">Historia: 2000 a\u00f1os de tradici\u00f3n musical<\/span><br \/>\n<span style=\"color: #003366;\">Al encuentro: Consejos y experiencias de un buen uso de la m\u00fasica para dar Catequesis.<\/span><br \/>\n<span style=\"color: #003366;\">Un poco de pr\u00e1ctica: t\u00e9cnicas b\u00e1sicas de instrumentos y vocalizaci\u00f3n. Recursos.<\/span><br \/>\n<span style=\"color: #003366;\">A cargo del equipo de la Pastoral Juvenil Diocesana.<\/span><\/p>\n<p style=\"text-align: center;\"><span style=\"color: #003366;\"><strong>Buffet a beneficio del Hogar San Cayetano de Pilar<\/strong><\/span><\/p>\n<p><img decoding=\"async\" class=\" wp-image-12745 aligncenter\" src=\"http:\/\/obispadodezaratecampana.org\/wp-content\/uploads\/2016\/08\/14054354_1346941505346780_7138226836189428465_o-207x300.jpg\" alt=\"14054354_1346941505346780_7138226836189428465_o\" width=\"365\" height=\"446\" \/><\/p>\n<p>&nbsp;<\/p>\n<!-- AddThis Advanced Settings generic via filter on the_content --><!-- AddThis Share Buttons generic via filter on the_content -->","protected":false},"excerpt":{"rendered":"<p>S\u00e1bado 3 de septiembre XVI Encuentro Diocesano de Catequesis\u00a0 En el d\u00eda del Catequista nuestro Obispo Pedro saluda y felicita a todos quienes realizan tan [&hellip;]<!-- AddThis Advanced Settings generic via filter on get_the_excerpt --><!-- AddThis Share Buttons generic via filter on get_the_excerpt --><\/p>\n","protected":false},"author":2,"featured_media":12730,"comment_status":"open","ping_status":"open","sticky":false,"template":"","format":"standard","meta":{"footnotes":""},"categories":[1],"tags":[],"class_list":["post-12729","post","type-post","status-publish","format-standard","has-post-thumbnail","hentry","category-noticiasdiocesanas"],"_links":{"self":[{"href":"https:\/\/obispadodezaratecampana.org\/index.php?rest_route=\/wp\/v2\/posts\/12729","targetHints":{"allow":["GET"]}}],"collection":[{"href":"https:\/\/obispadodezaratecampana.org\/index.php?rest_route=\/wp\/v2\/posts"}],"about":[{"href":"https:\/\/obispadodezaratecampana.org\/index.php?rest_route=\/wp\/v2\/types\/post"}],"author":[{"embeddable":true,"href":"https:\/\/obispadodezaratecampana.org\/index.php?rest_route=\/wp\/v2\/users\/2"}],"replies":[{"embeddable":true,"href":"https:\/\/obispadodezaratecampana.org\/index.php?rest_route=%2Fwp%2Fv2%2Fcomments&post=12729"}],"version-history":[{"count":4,"href":"https:\/\/obispadodezaratecampana.org\/index.php?rest_route=\/wp\/v2\/posts\/12729\/revisions"}],"predecessor-version":[{"id":12746,"href":"https:\/\/obispadodezaratecampana.org\/index.php?rest_route=\/wp\/v2\/posts\/12729\/revisions\/12746"}],"wp:featuredmedia":[{"embeddable":true,"href":"https:\/\/obispadodezaratecampana.org\/index.php?rest_route=\/wp\/v2\/media\/12730"}],"wp:attachment":[{"href":"https:\/\/obispadodezaratecampana.org\/index.php?rest_route=%2Fwp%2Fv2%2Fmedia&parent=12729"}],"wp:term":[{"taxonomy":"category","embeddable":true,"href":"https:\/\/obispadodezaratecampana.org\/index.php?rest_route=%2Fwp%2Fv2%2Fcategories&post=12729"},{"taxonomy":"post_tag","embeddable":true,"href":"https:\/\/obispadodezaratecampana.org\/index.php?rest_route=%2Fwp%2Fv2%2Ftags&post=12729"}],"curies":[{"name":"wp","href":"https:\/\/api.w.org\/{rel}","templated":true}]}}