{"id":12706,"date":"2016-08-14T10:28:49","date_gmt":"2016-08-14T13:28:49","guid":{"rendered":"http:\/\/obispadodezaratecampana.org\/?p=12706"},"modified":"2016-08-14T10:28:49","modified_gmt":"2016-08-14T13:28:49","slug":"avisos-parroquiales-al-14-de-agosto-pquia-ntra-sra-del-carmen-de-zarate","status":"publish","type":"post","link":"https:\/\/obispadodezaratecampana.org\/?p=12706","title":{"rendered":"Avisos parroquiales al 14 de agosto: Pquia Ntra Sra del Carmen de Z\u00e1rate"},"content":{"rendered":"<div class=\"_1dwg _1w_m\">\n<div id=\"js_72\" class=\"_5pbx userContent\" data-ft=\"{&quot;tn&quot;:&quot;K&quot;}\">\n<div id=\"id_57b0705979a088071917918\" class=\"text_exposed_root text_exposed\">\n<p><strong>Avisos Parroquiales de la comunidad de Ntra Sra del Carmen de Z\u00e1rate &#8211; Calle Justa Lima 77, Z\u00e1rate<\/strong><\/p>\n<p><img fetchpriority=\"high\" decoding=\"async\" class=\"size-medium wp-image-12707 aligncenter\" src=\"http:\/\/obispadodezaratecampana.org\/wp-content\/uploads\/2016\/08\/13708323_1563056264001670_7030761450136208554_o-225x300.jpg\" alt=\"13708323_1563056264001670_7030761450136208554_o\" width=\"225\" height=\"300\" srcset=\"https:\/\/obispadodezaratecampana.org\/wp-content\/uploads\/2016\/08\/13708323_1563056264001670_7030761450136208554_o-225x300.jpg 225w, https:\/\/obispadodezaratecampana.org\/wp-content\/uploads\/2016\/08\/13708323_1563056264001670_7030761450136208554_o-768x1024.jpg 768w, https:\/\/obispadodezaratecampana.org\/wp-content\/uploads\/2016\/08\/13708323_1563056264001670_7030761450136208554_o.jpg 960w\" sizes=\"(max-width: 225px) 100vw, 225px\" \/><\/p>\n<p>&#8211; S\u00e1bado 13 y Domingo 14. Realizaremos una nueva Colecta Pro-Parroquia para cubrir los gastos del funcionamiento habitual de nuestra querida Parroquia.<\/p>\n<p>&#8211; Lunes 15. Solemnidad de la Asunci\u00f3n de la Virgen Mar\u00eda. Es d\u00eda de precepto. La celebramos desde el domingo por la tarde y en las dos Misas del lunes. Por ser feriado trasladado, no atender\u00e1 la secretar\u00eda parroquial.<\/p>\n<div class=\"text_exposed_show\">\n<p>&#8211; Martes 16. Como cada 16 de mes nos encomendamos a nuestra Patrona, la Virgen del Carmen. Los catequistas se unir\u00e1n en oraci\u00f3n por la catequesis parroquial y por toda la comunidad despu\u00e9s de la Misa de la tarde.<\/p>\n<p>&#8211; Mi\u00e9rcoles 17, 19Hs. Catequesis de la Misa con las familias de 1er a\u00f1o de Catequesis.<\/p>\n<p>&#8211; Viernes 19. Como cada 19 de mes recordamos a San Jos\u00e9 y a San Expedito. Y como 3\u00b0 viernes de mes celebramos la Unci\u00f3n de los enfermos en la Misa de la tarde.<br \/>\n19:30Hs. Reuni\u00f3n por la Kermesse Solidaria. Estamos necesitando donaciones de premios para los juegos y de chorizos y hamburguesas para el buffet.<br \/>\n___________________________________________________________<\/p>\n<p>&#8211; S\u00e1bado 20, 17Hs. Encuentro mensual de la Uni\u00f3n Eucar\u00edstica Reparadora.<\/p>\n<p>&#8211; Martes 23, 16Hs. Reuni\u00f3n de Vida Ascendente.<\/p>\n<p>&#8211; Mi\u00e9rcoles 24, 17:30Hs. Encuentro de Catequesis Permanente.<br \/>\n___________________________________________________________<\/p>\n<p>&#8211; Todos los lunes a las 19Hs. Encuentros de Lectura Orante, rezamos con la Palabra de Dios abierto a todos los que quieran participar.<\/p>\n<p>&#8211; Estamos preparando los Jubileos Matrimoniales. Invitamos a todos los matrimonios que deseen celebrar sus 25 o 50 Aniversario Matrimonial a ponerse en contacto con nosotros.<\/p>\n<p>&#8211; C\u00e1ritas parroquial nos vuelve a invitar a colaborar con fideos, az\u00facar y yerba; y con lana, y nuestras manos, para tejer los cuadraditos de 20&#215;20 para las mantas.<\/p>\n<\/div>\n<\/div>\n<div class=\"_5wpt\">\u00a0Fuente perfil de facebook:\u00a0<a title=\"carmen\" href=\"https:\/\/www.facebook.com\/parroquia.zarate\/home\" target=\"_blank\">https:\/\/www.facebook.com\/parroquia.zarate\/home<\/a><\/div>\n<\/div>\n<div class=\"_3x-2\">\n<\/div>\n<\/div>\n<!-- AddThis Advanced Settings generic via filter on the_content --><!-- AddThis Share Buttons generic via filter on the_content -->","protected":false},"excerpt":{"rendered":"<p>Avisos Parroquiales de la comunidad de Ntra Sra del Carmen de Z\u00e1rate &#8211; Calle Justa Lima 77, Z\u00e1rate &#8211; S\u00e1bado 13 y Domingo 14. Realizaremos [&hellip;]<!-- AddThis Advanced Settings generic via filter on get_the_excerpt --><!-- AddThis Share Buttons generic via filter on get_the_excerpt --><\/p>\n","protected":false},"author":2,"featured_media":12708,"comment_status":"open","ping_status":"open","sticky":false,"template":"","format":"standard","meta":{"footnotes":""},"categories":[3],"tags":[],"class_list":["post-12706","post","type-post","status-publish","format-standard","has-post-thumbnail","hentry","category-noticiasparroquiales"],"_links":{"self":[{"href":"https:\/\/obispadodezaratecampana.org\/index.php?rest_route=\/wp\/v2\/posts\/12706","targetHints":{"allow":["GET"]}}],"collection":[{"href":"https:\/\/obispadodezaratecampana.org\/index.php?rest_route=\/wp\/v2\/posts"}],"about":[{"href":"https:\/\/obispadodezaratecampana.org\/index.php?rest_route=\/wp\/v2\/types\/post"}],"author":[{"embeddable":true,"href":"https:\/\/obispadodezaratecampana.org\/index.php?rest_route=\/wp\/v2\/users\/2"}],"replies":[{"embeddable":true,"href":"https:\/\/obispadodezaratecampana.org\/index.php?rest_route=%2Fwp%2Fv2%2Fcomments&post=12706"}],"version-history":[{"count":1,"href":"https:\/\/obispadodezaratecampana.org\/index.php?rest_route=\/wp\/v2\/posts\/12706\/revisions"}],"predecessor-version":[{"id":12709,"href":"https:\/\/obispadodezaratecampana.org\/index.php?rest_route=\/wp\/v2\/posts\/12706\/revisions\/12709"}],"wp:featuredmedia":[{"embeddable":true,"href":"https:\/\/obispadodezaratecampana.org\/index.php?rest_route=\/wp\/v2\/media\/12708"}],"wp:attachment":[{"href":"https:\/\/obispadodezaratecampana.org\/index.php?rest_route=%2Fwp%2Fv2%2Fmedia&parent=12706"}],"wp:term":[{"taxonomy":"category","embeddable":true,"href":"https:\/\/obispadodezaratecampana.org\/index.php?rest_route=%2Fwp%2Fv2%2Fcategories&post=12706"},{"taxonomy":"post_tag","embeddable":true,"href":"https:\/\/obispadodezaratecampana.org\/index.php?rest_route=%2Fwp%2Fv2%2Ftags&post=12706"}],"curies":[{"name":"wp","href":"https:\/\/api.w.org\/{rel}","templated":true}]}}