{"id":12703,"date":"2016-08-14T10:20:37","date_gmt":"2016-08-14T13:20:37","guid":{"rendered":"http:\/\/obispadodezaratecampana.org\/?p=12703"},"modified":"2016-08-14T10:20:37","modified_gmt":"2016-08-14T13:20:37","slug":"domingo-14-de-agosto-fiestas-patronales-en-ntra-sra-de-nazareth-zarate","status":"publish","type":"post","link":"https:\/\/obispadodezaratecampana.org\/?p=12703","title":{"rendered":"Domingo 14 de agosto: Fiestas Patronales en Ntra Sra de Nazareth, Z\u00e1rate"},"content":{"rendered":"<h3><img fetchpriority=\"high\" decoding=\"async\" class=\" wp-image-12704 aligncenter\" src=\"http:\/\/obispadodezaratecampana.org\/wp-content\/uploads\/2016\/08\/13923591_324906701232794_867383716525576380_o-300x168.jpg\" alt=\"13923591_324906701232794_867383716525576380_o\" width=\"614\" height=\"305\" \/><\/h3>\n<h3><span style=\"color: #008080;\">El domingo 14 de agosto a las 18:30 hs convocatoria en la placita de Villa Fox, para iniciar la procesi\u00f3n hacia el templo parroquial y compartir la Santa Misa por las Patronales de Ntra Sra de Nazareth. Al final buffet econ\u00f3mico a beneficio de la comunidad, en el sal\u00f3n parroquial.<\/span><\/h3>\n<h3><span style=\"color: #008080;\">Direcci\u00f3n Leandro N Alem 1750, Z\u00e1rate.\u00a0<\/span><\/h3>\n<!-- AddThis Advanced Settings generic via filter on the_content --><!-- AddThis Share Buttons generic via filter on the_content -->","protected":false},"excerpt":{"rendered":"<p>El domingo 14 de agosto a las 18:30 hs convocatoria en la placita de Villa Fox, para iniciar la procesi\u00f3n hacia el templo parroquial y [&hellip;]<!-- AddThis Advanced Settings generic via filter on get_the_excerpt --><!-- AddThis Share Buttons generic via filter on get_the_excerpt --><\/p>\n","protected":false},"author":2,"featured_media":12704,"comment_status":"open","ping_status":"open","sticky":false,"template":"","format":"standard","meta":{"footnotes":""},"categories":[3],"tags":[],"class_list":["post-12703","post","type-post","status-publish","format-standard","has-post-thumbnail","hentry","category-noticiasparroquiales"],"_links":{"self":[{"href":"https:\/\/obispadodezaratecampana.org\/index.php?rest_route=\/wp\/v2\/posts\/12703","targetHints":{"allow":["GET"]}}],"collection":[{"href":"https:\/\/obispadodezaratecampana.org\/index.php?rest_route=\/wp\/v2\/posts"}],"about":[{"href":"https:\/\/obispadodezaratecampana.org\/index.php?rest_route=\/wp\/v2\/types\/post"}],"author":[{"embeddable":true,"href":"https:\/\/obispadodezaratecampana.org\/index.php?rest_route=\/wp\/v2\/users\/2"}],"replies":[{"embeddable":true,"href":"https:\/\/obispadodezaratecampana.org\/index.php?rest_route=%2Fwp%2Fv2%2Fcomments&post=12703"}],"version-history":[{"count":1,"href":"https:\/\/obispadodezaratecampana.org\/index.php?rest_route=\/wp\/v2\/posts\/12703\/revisions"}],"predecessor-version":[{"id":12705,"href":"https:\/\/obispadodezaratecampana.org\/index.php?rest_route=\/wp\/v2\/posts\/12703\/revisions\/12705"}],"wp:featuredmedia":[{"embeddable":true,"href":"https:\/\/obispadodezaratecampana.org\/index.php?rest_route=\/wp\/v2\/media\/12704"}],"wp:attachment":[{"href":"https:\/\/obispadodezaratecampana.org\/index.php?rest_route=%2Fwp%2Fv2%2Fmedia&parent=12703"}],"wp:term":[{"taxonomy":"category","embeddable":true,"href":"https:\/\/obispadodezaratecampana.org\/index.php?rest_route=%2Fwp%2Fv2%2Fcategories&post=12703"},{"taxonomy":"post_tag","embeddable":true,"href":"https:\/\/obispadodezaratecampana.org\/index.php?rest_route=%2Fwp%2Fv2%2Ftags&post=12703"}],"curies":[{"name":"wp","href":"https:\/\/api.w.org\/{rel}","templated":true}]}}