{"id":12691,"date":"2016-08-13T10:59:18","date_gmt":"2016-08-13T13:59:18","guid":{"rendered":"http:\/\/obispadodezaratecampana.org\/?p=12691"},"modified":"2016-08-13T11:12:00","modified_gmt":"2016-08-13T14:12:00","slug":"domingo-28-de-agosto-a-las-12-hs-en-la-catedral-feria-de-platos","status":"publish","type":"post","link":"https:\/\/obispadodezaratecampana.org\/?p=12691","title":{"rendered":"Domingo 28 de agosto a las 12 hs en la Catedral: Feria de Platos"},"content":{"rendered":"<p>&nbsp;<\/p>\n<h3><span style=\"color: #666699;\">\u00a0La Capilla Ntra Sra de Guadalupe de Campana estar\u00e1 organizando eventos a beneficio para la construcci\u00f3n de su templo:<\/span><\/h3>\n<h3 style=\"margin: 0cm 0cm 8pt; text-align: justify;\"><em><span style=\"color: #666699; font-family: Calibri; font-size: medium;\">&#8220;Seguimos necesitando de tu colaboraci\u00f3n, para que el sue\u00f1o de una Capilla, para nuestro barrio, sea una realidad. Se vienen m\u00e1s eventos con este fin, juntos se hace m\u00e1s f\u00e1cil &#8220;<\/span><\/em><\/h3>\n<h3><span style=\"color: #666699;\">Para colaborar y consultas, ingresar al perfil de Facebook de la Comunidad (all\u00ed tambi\u00e9n podr\u00e1n encontrar fotos de las obras que se van realizando gran esfuerzo y entusiasmo): <\/span><\/h3>\n<h3><span style=\"color: #666699;\"><a title=\"campana\" href=\"https:\/\/www.facebook.com\/nasaguadalupecampana?fref=ts\" target=\"_blank\"><span style=\"color: #666699; font-family: Calibri; font-size: medium;\">https:\/\/www.facebook.com\/nasaguadalupecampana?fref=ts<\/span><\/a><\/span><\/h3>\n<h3><img fetchpriority=\"high\" decoding=\"async\" class=\"wp-image-12692 aligncenter\" src=\"http:\/\/obispadodezaratecampana.org\/wp-content\/uploads\/2016\/08\/13891963_1743305235952346_9164914644815257961_n-300x211.jpg\" alt=\"13891963_1743305235952346_9164914644815257961_n\" width=\"575\" height=\"296\" \/><\/h3>\n<p>&nbsp;<\/p>\n<p>&nbsp;<\/p>\n<!-- AddThis Advanced Settings generic via filter on the_content --><!-- AddThis Share Buttons generic via filter on the_content -->","protected":false},"excerpt":{"rendered":"<p>&nbsp; \u00a0La Capilla Ntra Sra de Guadalupe de Campana estar\u00e1 organizando eventos a beneficio para la construcci\u00f3n de su templo: &#8220;Seguimos necesitando de tu colaboraci\u00f3n, [&hellip;]<!-- AddThis Advanced Settings generic via filter on get_the_excerpt --><!-- AddThis Share Buttons generic via filter on get_the_excerpt --><\/p>\n","protected":false},"author":2,"featured_media":12692,"comment_status":"open","ping_status":"open","sticky":false,"template":"","format":"standard","meta":{"footnotes":""},"categories":[3],"tags":[],"class_list":["post-12691","post","type-post","status-publish","format-standard","has-post-thumbnail","hentry","category-noticiasparroquiales"],"_links":{"self":[{"href":"https:\/\/obispadodezaratecampana.org\/index.php?rest_route=\/wp\/v2\/posts\/12691","targetHints":{"allow":["GET"]}}],"collection":[{"href":"https:\/\/obispadodezaratecampana.org\/index.php?rest_route=\/wp\/v2\/posts"}],"about":[{"href":"https:\/\/obispadodezaratecampana.org\/index.php?rest_route=\/wp\/v2\/types\/post"}],"author":[{"embeddable":true,"href":"https:\/\/obispadodezaratecampana.org\/index.php?rest_route=\/wp\/v2\/users\/2"}],"replies":[{"embeddable":true,"href":"https:\/\/obispadodezaratecampana.org\/index.php?rest_route=%2Fwp%2Fv2%2Fcomments&post=12691"}],"version-history":[{"count":4,"href":"https:\/\/obispadodezaratecampana.org\/index.php?rest_route=\/wp\/v2\/posts\/12691\/revisions"}],"predecessor-version":[{"id":12696,"href":"https:\/\/obispadodezaratecampana.org\/index.php?rest_route=\/wp\/v2\/posts\/12691\/revisions\/12696"}],"wp:featuredmedia":[{"embeddable":true,"href":"https:\/\/obispadodezaratecampana.org\/index.php?rest_route=\/wp\/v2\/media\/12692"}],"wp:attachment":[{"href":"https:\/\/obispadodezaratecampana.org\/index.php?rest_route=%2Fwp%2Fv2%2Fmedia&parent=12691"}],"wp:term":[{"taxonomy":"category","embeddable":true,"href":"https:\/\/obispadodezaratecampana.org\/index.php?rest_route=%2Fwp%2Fv2%2Fcategories&post=12691"},{"taxonomy":"post_tag","embeddable":true,"href":"https:\/\/obispadodezaratecampana.org\/index.php?rest_route=%2Fwp%2Fv2%2Ftags&post=12691"}],"curies":[{"name":"wp","href":"https:\/\/api.w.org\/{rel}","templated":true}]}}