{"id":12674,"date":"2016-09-19T10:54:39","date_gmt":"2016-09-19T13:54:39","guid":{"rendered":"http:\/\/obispadodezaratecampana.org\/?p=12674"},"modified":"2016-09-19T14:32:37","modified_gmt":"2016-09-19T17:32:37","slug":"bases-y-condiciones-concurso-de-la-cancion-para-la-peregrinacion-a-lujan-2016","status":"publish","type":"post","link":"https:\/\/obispadodezaratecampana.org\/?p=12674","title":{"rendered":"Bases y condiciones: Concurso de la Canci\u00f3n para la Peregrinaci\u00f3n a Luj\u00e1n 2016"},"content":{"rendered":"<p style=\"text-align: center;\"><span style=\"color: #000080;\"><strong>Concurso de la Canci\u00f3n para la Peregrinaci\u00f3n a Luj\u00e1n 2016<\/strong><\/span><\/p>\n<p style=\"text-align: center;\"><span style=\"color: #000080;\"><span style=\"color: #000080;\"><a href=\"http:\/\/obispadodezaratecampana.org\/wp-content\/uploads\/2016\/08\/concurso-cancion-2016-2.jpg\"><img fetchpriority=\"high\" decoding=\"async\" class=\"alignnone  wp-image-12892\" src=\"http:\/\/obispadodezaratecampana.org\/wp-content\/uploads\/2016\/08\/concurso-cancion-2016-2-300x212.jpg\" alt=\"concurso-cancion-2016-2\" width=\"576\" height=\"318\" \/><\/a><\/span><\/span><\/p>\n<p style=\"text-align: left;\"><span style=\"color: #000080;\">Bases y condiciones<\/span><\/p>\n<p style=\"text-align: left;\"><span style=\"color: #000080;\">Apertura del concurso:22 de Agosto<\/span><br \/>\n<span style=\"color: #000080;\"> Cierre del concurso: 19 de Septiembre<\/span><br \/>\n<span style=\"color: #000080;\"> Presentaci\u00f3n en vivo: 25 de Septiembre<\/span><br \/>\n<span style=\"color: #000080;\"> Fecha de la peregrinaci\u00f3n: 5 de Noviembre<\/span><\/p>\n<p style=\"text-align: justify;\"><span style=\"color: #000080;\">Objetivo.<\/span><br \/>\n<span style=\"color: #000080;\"> Brindar la posibilidad a todo EL PUEBLO DE DIOS de participar en el CONCURSO que identificar\u00e1 a la PEREGRINACI\u00d3N A LUJ\u00c1N 2016<\/span><\/p>\n<p style=\"text-align: justify;\"><span style=\"color: #000080;\">Participantes.<\/span><br \/>\n<span style=\"color: #000080;\"> Cualquier persona, de forma individual o como grupo. La participaci\u00f3n es libre y gratuita. Solamente, y por razones de mayor objetividad, quedan excluidos de participar los miembros del jurado.<\/span><\/p>\n<p style=\"text-align: justify;\"><span style=\"color: #000080;\">Tem\u00e1tica de la canci\u00f3n.<\/span><br \/>\n<span style=\"color: #000080;\"> El tema musical deber\u00e1 hacer referencia a la peregrinaci\u00f3n a Luj\u00e1n, a la Virgen Mar\u00eda, a los peregrinos, a la fe y, sobre todo, al lema de este a\u00f1o \u201c Madre de Misericordia, ll\u00e9vanos a Jes\u00fas\u201d<\/span><br \/>\n<span style=\"color: #000080;\"> La canci\u00f3n (o las canciones) deber\u00e1n ser 100% originales, in\u00e9ditas y de autor\u00eda de los participantes.<\/span><br \/>\n<span style=\"color: #000080;\"> Cada participante o grupo podr\u00e1 presentar hasta dos (2) temas, pudiendo ser de cualquier ritmo y estilo musical.<\/span><\/p>\n<p style=\"text-align: justify;\"><span style=\"color: #000080;\">Puntos que se evaluar\u00e1n.<\/span><br \/>\n<span style=\"color: #000080;\"> \u27a2 Relaci\u00f3n del texto con el lema de este a\u00f1o: \u201cMadre de Miseridordia, lle\u00e1vanos a Jes\u00fas\u201d.<\/span><br \/>\n<span style=\"color: #000080;\"> \u27a2 Que el texto tenga un adecuado contenido teol\u00f3gico.<\/span><br \/>\n<span style=\"color: #000080;\"> \u27a2 Que manifieste la espiritualidad popular.<\/span><br \/>\n<span style=\"color: #000080;\"> \u27a2 Que sea alegre y \u201cpegadiza\u201d, para que anime a los peregrinos y ellos mismos la puedan cantar.<\/span><\/p>\n<p style=\"text-align: justify;\"><span style=\"color: #000080;\">Presentaci\u00f3n.<\/span><br \/>\n<span style=\"color: #000080;\"> La grabaci\u00f3n de la canci\u00f3n (o las canciones) en formato mp3.<\/span><br \/>\n<span style=\"color: #000080;\"> La letra (o las letras) de la canci\u00f3n.<\/span><br \/>\n<span style=\"color: #000080;\"> Datos del autor de la letra y datos del autor de la m\u00fasica: nombre y apellido, N\u00b0 DNI, edad, domicilio, N\u00b0 telef\u00f3nico, direcci\u00f3n de correo electr\u00f3nico y, en el caso de utilizarse, seud\u00f3nimo o nombre de grupo.<\/span><br \/>\n<span style=\"color: #000080;\"> Indicar comunidad parroquial y movimiento (si perteneciera) al que pertenece el o los autores y los int\u00e9rpretes.<\/span><br \/>\n<span style=\"color: #000080;\"> Una explicaci\u00f3n m\u00ednima de la canci\u00f3n: met\u00e1foras usadas, s\u00edmbolos.<\/span><br \/>\n<span style=\"color: #000080;\"> La fecha l\u00edmite de entrega es el 19 de Septiembre hasta las 22 hs.<\/span><\/p>\n<p style=\"text-align: justify;\"><span style=\"color: #000080;\">Presentaci\u00f3n en vivo<\/span><\/p>\n<p style=\"text-align: justify;\"><span style=\"color: #000080;\">La presentaci\u00f3n en vivo de las canciones participantes ser\u00e1 el s\u00e1bado 24 de septiembre en la Parroquia \u201cMadre Teresa de Calcuta\u201d de Z\u00e1rate.<\/span><br \/>\n<span style=\"color: #000080;\"> No es necesario que el autor de la canci\u00f3n sea el int\u00e9rprete de la canci\u00f3n. Puede elegir un solista o un grupo que la presente.<\/span><\/p>\n<p style=\"text-align: justify;\"><span style=\"color: #000080;\">Pre-Selecci\u00f3n<\/span><\/p>\n<p style=\"text-align: justify;\"><span style=\"color: #000080;\">Como las canciones participantes ser\u00e1n presentadas en p\u00fablico se har\u00e1 una preselecci\u00f3n, basada especialmente en el contenido de la letra. En caso de no pasar la misma se le avisar\u00e1 oportunamente al participante que ha quedado fuera de concurso.<\/span><\/p>\n<p style=\"text-align: justify;\"><span style=\"color: #000080;\">Grabaci\u00f3n<\/span><\/p>\n<p style=\"text-align: justify;\"><span style=\"color: #000080;\">La grabaci\u00f3n de la canci\u00f3n queda a cargo de la organizaci\u00f3n, teniendo la misma el derecho de agregar m\u00fasicos y hacer los arreglos musicales necesarios para la misma, sin alterar la melod\u00eda de la misma.<\/span><\/p>\n<p style=\"text-align: justify;\"><span style=\"color: #000080;\">Modos de presentaci\u00f3n.<\/span><br \/>\n<span style=\"color: #000080;\"> \u27a2 V\u00eda email a peregrinacionalujan@gmail.com , como archivos adjuntos.<\/span><br \/>\n<span style=\"color: #000080;\"> \u27a2 V\u00eda postal: Av. Varela 413, Campana, CP 2804, a nombre del di\u00e1cono Sergio Pandiani. En este caso, tenes que imprimir la letra (o las letras) de la canci\u00f3n en una hoja, la explicaci\u00f3n en otra hoja y los datos en una tercera hoja, y grabar la canci\u00f3n en un CD. Pones todo en un sobre y lo env\u00edas.<\/span><\/p>\n<p style=\"text-align: justify;\"><span style=\"color: #000080;\">Consultas.<\/span><br \/>\n<span style=\"color: #000080;\"> Cualquier duda escrib\u00ed a: peregrinacionalujan@gmail.com<\/span><\/p>\n<p style=\"text-align: justify;\"><span style=\"color: #000080;\">Importante.<\/span><br \/>\n<span style=\"color: #000080;\"> El hecho de participar en este concurso supone por parte del participante el conocimiento y la aceptaci\u00f3n de las bases y condiciones de este concurso. El concurso no cuenta con ning\u00fan premio en efectivo. El concurso se organiza como una actividad que va preparando el clima previo la peregrinaci\u00f3n. Vale aclarar que es el Pueblo de Dios de Z\u00e1rate, Campana, Escobar, Pilar, Baradero, Exaltaci\u00f3n de la Cruz y San Antonio de Areco quien peregrina a Luj\u00e1n el Noviembre, y la canci\u00f3n es para \u00e9sta peregrinaci\u00f3n. La di\u00f3cesis acompa\u00f1a al Pueblo que espont\u00e1neamente peregrina a Luj\u00e1n, y de este mismo modo, surge el concurso de la canci\u00f3n.<\/span><br \/>\n<span style=\"color: #000080;\"> La canci\u00f3n ganadora ser\u00e1 grabada en los estudios de Fm Santa Mar\u00eda para ser el tema que represente la Peregrinaci\u00f3n 2016. A continuaci\u00f3n, ser\u00e1 difundida entre las parroquias y transmitida a trav\u00e9s de los medios de comunicaci\u00f3n antes de la Peregrinaci\u00f3n, anunciando el autor e int\u00e9rprete de la misma, para que se vaya aprendiendo; luego, ir\u00e1 animando a los peregrinos a lo largo de la Peregrinaci\u00f3n y despu\u00e9s, se cantar\u00e1 en la Misa de llegada.<\/span><br \/>\n<span style=\"color: #000080;\"> El concursante se comprometer\u00e1, bajo firma, a no hacer ning\u00fan registro de la canci\u00f3n con intensi\u00f3n de usufructuar con la misma. A su vez, la organizaci\u00f3n se compromete a reconocer p\u00fablicamente a sus autores y a no registrar la misma a nombre propio o de otro.<\/span><\/p>\n<p style=\"text-align: justify;\"><img decoding=\"async\" class=\" wp-image-12676 aligncenter\" src=\"http:\/\/obispadodezaratecampana.org\/wp-content\/uploads\/2016\/08\/IMG-20160810-WA0000-1-168x300.jpg\" alt=\"IMG-20160810-WA0000 (1)\" width=\"372\" height=\"500\" \/><\/p>\n<p>&nbsp;<\/p>\n<!-- AddThis Advanced Settings generic via filter on the_content --><!-- AddThis Share Buttons generic via filter on the_content -->","protected":false},"excerpt":{"rendered":"<p>Concurso de la Canci\u00f3n para la Peregrinaci\u00f3n a Luj\u00e1n 2016 Bases y condiciones Apertura del concurso:22 de Agosto Cierre del concurso: 19 de Septiembre Presentaci\u00f3n [&hellip;]<!-- AddThis Advanced Settings generic via filter on get_the_excerpt --><!-- AddThis Share Buttons generic via filter on get_the_excerpt --><\/p>\n","protected":false},"author":2,"featured_media":12892,"comment_status":"open","ping_status":"open","sticky":false,"template":"","format":"standard","meta":{"footnotes":""},"categories":[1],"tags":[],"class_list":["post-12674","post","type-post","status-publish","format-standard","has-post-thumbnail","hentry","category-noticiasdiocesanas"],"_links":{"self":[{"href":"https:\/\/obispadodezaratecampana.org\/index.php?rest_route=\/wp\/v2\/posts\/12674","targetHints":{"allow":["GET"]}}],"collection":[{"href":"https:\/\/obispadodezaratecampana.org\/index.php?rest_route=\/wp\/v2\/posts"}],"about":[{"href":"https:\/\/obispadodezaratecampana.org\/index.php?rest_route=\/wp\/v2\/types\/post"}],"author":[{"embeddable":true,"href":"https:\/\/obispadodezaratecampana.org\/index.php?rest_route=\/wp\/v2\/users\/2"}],"replies":[{"embeddable":true,"href":"https:\/\/obispadodezaratecampana.org\/index.php?rest_route=%2Fwp%2Fv2%2Fcomments&post=12674"}],"version-history":[{"count":6,"href":"https:\/\/obispadodezaratecampana.org\/index.php?rest_route=\/wp\/v2\/posts\/12674\/revisions"}],"predecessor-version":[{"id":12895,"href":"https:\/\/obispadodezaratecampana.org\/index.php?rest_route=\/wp\/v2\/posts\/12674\/revisions\/12895"}],"wp:featuredmedia":[{"embeddable":true,"href":"https:\/\/obispadodezaratecampana.org\/index.php?rest_route=\/wp\/v2\/media\/12892"}],"wp:attachment":[{"href":"https:\/\/obispadodezaratecampana.org\/index.php?rest_route=%2Fwp%2Fv2%2Fmedia&parent=12674"}],"wp:term":[{"taxonomy":"category","embeddable":true,"href":"https:\/\/obispadodezaratecampana.org\/index.php?rest_route=%2Fwp%2Fv2%2Fcategories&post=12674"},{"taxonomy":"post_tag","embeddable":true,"href":"https:\/\/obispadodezaratecampana.org\/index.php?rest_route=%2Fwp%2Fv2%2Ftags&post=12674"}],"curies":[{"name":"wp","href":"https:\/\/api.w.org\/{rel}","templated":true}]}}