{"id":12639,"date":"2016-08-11T10:20:57","date_gmt":"2016-08-11T13:20:57","guid":{"rendered":"http:\/\/obispadodezaratecampana.org\/?p=12639"},"modified":"2016-08-18T14:54:33","modified_gmt":"2016-08-18T17:54:33","slug":"sabado-17-de-septiembre-19-hs-en-campana-encuentro-con-el-padre-brain-postulador-de-causa-de-canonizacion-de-la-madre-teresa","status":"publish","type":"post","link":"https:\/\/obispadodezaratecampana.org\/?p=12639","title":{"rendered":"S\u00e1bado 17 de septiembre, 19 hs en Campana: Encuentro con el Padre Brian: postulador de Causa de Canonizaci\u00f3n de la Madre Teresa"},"content":{"rendered":"<p>&nbsp;<\/p>\n<h2 style=\"text-align: center;\"><a href=\"http:\/\/obispadodezaratecampana.org\/wp-content\/uploads\/2016\/08\/Flyer-Madre-Teresa2.jpg\"><img fetchpriority=\"high\" decoding=\"async\" class=\"alignnone  wp-image-12667\" src=\"http:\/\/obispadodezaratecampana.org\/wp-content\/uploads\/2016\/08\/Flyer-Madre-Teresa2-300x231.jpg\" alt=\"Flyer Madre Teresa(2)\" width=\"572\" height=\"321\" \/><\/a><\/h2>\n<h2 style=\"text-align: center;\"><span style=\"color: #0000ff;\">Santa Madre Teresa de Calcuta\u00a0<\/span><\/h2>\n<h2 style=\"text-align: center;\"><span style=\"color: #0000ff;\">El Rostro de la Misericordia en los tiempos de Francisco\u00a0<\/span><\/h2>\n<h2 style=\"text-align: center;\"><span style=\"text-decoration: underline;\"><span style=\"color: #0000ff; text-decoration: underline;\">Encuentro con el Padre Brian: postulador de la causa de Canonizaci\u00f3n\u00a0<\/span><\/span><\/h2>\n<h2 style=\"text-align: center;\"><span style=\"color: #0000ff;\">S\u00e1bado 17 de septiembre a las 19 hs<\/span><\/h2>\n<h2 style=\"text-align: center;\"><span style=\"color: #0000ff;\">Teatro Pedro Barbero. Calle San Martin 373 en Campana<\/span><\/h2>\n<h2 style=\"text-align: center;\"><span style=\"text-decoration: underline; color: #0000ff;\"><span style=\"text-decoration: underline;\">Muestra fotogr\u00e1fica sobre la Madre Teresa<\/span><\/span><\/h2>\n<h2 style=\"text-align: center;\"><span style=\"color: #0000ff;\">D\u00edas 17 al 30 de septiembre se realizar\u00e1 una exposici\u00f3n en el sal\u00f3n Ronald Nash<\/span><\/h2>\n<h2 style=\"text-align: center;\"><span style=\"color: #0000ff;\">Calle San Mart\u00edn 373 en Campana<\/span><\/h2>\n<p style=\"text-align: justify;\"><span style=\"color: #000080;\"><strong>\u201cEl Rostro de la Misericordia en los tiempos de Francisco\u201d<\/strong><\/span><\/p>\n<p style=\"text-align: justify;\"><span style=\"color: #000080;\">\u00a0En el A\u00f1o Jubilar de la Misericordia y pr\u00f3ximos a la canonizaci\u00f3n de la Beata Madre Teresa de Calcuta el Centro Cultural Campana invita a la di\u00f3cesis a los eventos que ofrecemos en Campana: una conferencia con el t\u00edtulo \u201cEl Rostro de la misericordia en los tiempos de Francisco\u201d a cargo del P. Brian Kolodiejchuk, que se realizar\u00e1 el s\u00e1bado 17 de septiembre a las 19 hs en el Teatro Municipal Pedro Barbero del Edificio 6 de Julio; y una muestra sobre la vida de Madre Teresa que se inaugurar\u00e1 luego de la conferencia y que estar\u00e1 expuesta desde el 17 al 30 de septiembre en el Sal\u00f3n Roland Nash del Edificio 6 de Julio(San Mart\u00edn 373)<\/span><\/p>\n<p style=\"text-align: justify;\"><span style=\"color: #000080;\">\u00a0El viernes 16 por la ma\u00f1ana se realizar\u00e1 tambi\u00e9n un encuentro del P. Brian dirigido a j\u00f3venes de los colegios privados y p\u00fablicos de Campana y alrededores en el sal\u00f3n El Portal. <\/span><\/p>\n<p style=\"text-align: justify;\"><span style=\"color: #000080;\">\u00a0Madre Teresa de Calcuta llamada \u201cMadre de los pobres\u201d, fundadora de las \u201cMisioneras de la Caridad\u201d es una figura universal conocida, reconocida y querida mundialmente, que tanto bien ha hecho y hace a la humanidad, ser\u00e1 canonizada el 4 de septiembre en Roma.<\/span><\/p>\n<p style=\"text-align: justify;\"><span style=\"color: #000080;\">\u00a0El P.Brian Kolodiejchuck es el postulador oficial de las causas de beatificaci\u00f3n y de canonizaci\u00f3n de la Madre Teresa. Es de origen canadiense. Conoci\u00f3 a Madre Teresa en 1977 y trabaj\u00f3 con ella hasta su muerte en 1997. Actualmente es el Superior de los Padres Misioneros de la Caridad y Director del Centro de la Madre Teresa de Calcuta. Vive en Tijuana, M\u00e9xico.<\/span><\/p>\n<p style=\"text-align: justify;\"><span style=\"color: #000080;\">\u00a0El P. Brian fue invitado al pa\u00eds por el Centro Cultural Campana. Viajar\u00e1 a la Argentina desde Roma exclusivamente para participar de estos eventos . Ser\u00e1 un honor recibirlo. Se sabe que es la persona que m\u00e1s conoce a Madre Teresa en el mundo.<\/span><\/p>\n<p style=\"text-align: justify;\"><span style=\"color: #000080;\">\u00a0Los eventos est\u00e1n organizados por el Centro Cultural Campana y cuenta con el auspicio de la Secretar\u00eda de Cultura, Educaci\u00f3n y Turismo de la Ciudad de Campana, el Obispado de la Di\u00f3cesis de la Ciudad de Z\u00e1rate-Campana, el Instituto Imenic Virgen Ni\u00f1a, el Colegio Santo Tom\u00e1s de Aquino, el Club Ciudad de Campana y el Rotary Club de Campana.<\/span><\/p>\n<p style=\"text-align: justify;\">\n<!-- AddThis Advanced Settings generic via filter on the_content --><!-- AddThis Share Buttons generic via filter on the_content -->","protected":false},"excerpt":{"rendered":"<p>&nbsp; Santa Madre Teresa de Calcuta\u00a0 El Rostro de la Misericordia en los tiempos de Francisco\u00a0 Encuentro con el Padre Brian: postulador de la causa [&hellip;]<!-- AddThis Advanced Settings generic via filter on get_the_excerpt --><!-- AddThis Share Buttons generic via filter on get_the_excerpt --><\/p>\n","protected":false},"author":2,"featured_media":12667,"comment_status":"open","ping_status":"open","sticky":false,"template":"","format":"standard","meta":{"footnotes":""},"categories":[4,1],"tags":[],"class_list":["post-12639","post","type-post","status-publish","format-standard","has-post-thumbnail","hentry","category-movimientosinstituciones","category-noticiasdiocesanas"],"_links":{"self":[{"href":"https:\/\/obispadodezaratecampana.org\/index.php?rest_route=\/wp\/v2\/posts\/12639","targetHints":{"allow":["GET"]}}],"collection":[{"href":"https:\/\/obispadodezaratecampana.org\/index.php?rest_route=\/wp\/v2\/posts"}],"about":[{"href":"https:\/\/obispadodezaratecampana.org\/index.php?rest_route=\/wp\/v2\/types\/post"}],"author":[{"embeddable":true,"href":"https:\/\/obispadodezaratecampana.org\/index.php?rest_route=\/wp\/v2\/users\/2"}],"replies":[{"embeddable":true,"href":"https:\/\/obispadodezaratecampana.org\/index.php?rest_route=%2Fwp%2Fv2%2Fcomments&post=12639"}],"version-history":[{"count":7,"href":"https:\/\/obispadodezaratecampana.org\/index.php?rest_route=\/wp\/v2\/posts\/12639\/revisions"}],"predecessor-version":[{"id":12728,"href":"https:\/\/obispadodezaratecampana.org\/index.php?rest_route=\/wp\/v2\/posts\/12639\/revisions\/12728"}],"wp:featuredmedia":[{"embeddable":true,"href":"https:\/\/obispadodezaratecampana.org\/index.php?rest_route=\/wp\/v2\/media\/12667"}],"wp:attachment":[{"href":"https:\/\/obispadodezaratecampana.org\/index.php?rest_route=%2Fwp%2Fv2%2Fmedia&parent=12639"}],"wp:term":[{"taxonomy":"category","embeddable":true,"href":"https:\/\/obispadodezaratecampana.org\/index.php?rest_route=%2Fwp%2Fv2%2Fcategories&post=12639"},{"taxonomy":"post_tag","embeddable":true,"href":"https:\/\/obispadodezaratecampana.org\/index.php?rest_route=%2Fwp%2Fv2%2Ftags&post=12639"}],"curies":[{"name":"wp","href":"https:\/\/api.w.org\/{rel}","templated":true}]}}