{"id":12620,"date":"2016-08-03T12:36:15","date_gmt":"2016-08-03T15:36:15","guid":{"rendered":"http:\/\/obispadodezaratecampana.org\/?p=12620"},"modified":"2016-08-03T12:45:55","modified_gmt":"2016-08-03T15:45:55","slug":"miercoles-3-de-agosto-a-las-21-hs-entrevista-en-vivo-a-mons-pedro-en-radio-maria","status":"publish","type":"post","link":"https:\/\/obispadodezaratecampana.org\/?p=12620","title":{"rendered":"Mi\u00e9rcoles 3 de agosto a las 20: 30 hs entrevista en vivo a Mons. Pedro en Radio Mar\u00eda"},"content":{"rendered":"<p style=\"text-align: justify;\"><span style=\"color: #000080;\">Queridos lectores: Hoy mi\u00e9rcoles 3 de agosto a las 20: 30 \u00a0hs el Padre Gustavo Antico entrevistar\u00e1 en vivo a nuestro Obispo Pedro. <\/span><span style=\"color: #000080;\">El programa &#8220;La alegr\u00eda de vivir en familia&#8221; pueden escucharlo desde el sitio web de la Radio Mar\u00eda (en caso que no puedan seguir la transmisi\u00f3n en vivo, luego encontraran alli los programas)<\/span><br \/>\n<span style=\"color: #000080;\">Desde ya agradecemos la difusi\u00f3n de esta Buena Noticia. <\/span><\/p>\n<p style=\"text-align: justify;\"><span style=\"color: #000080;\">Enlace de la Radio Mar\u00eda:\u00a0<a title=\"la alegria de vivir\" href=\"http:\/\/radiomaria.org.ar\/programacion\/programas\/la-alegria-vivir-familia\/\" target=\"_blank\">http:\/\/radiomaria.org.ar\/programacion\/programas\/la-alegria-vivir-familia\/<\/a><\/span><\/p>\n<p><a title=\"la alegria de vivir\" href=\"http:\/\/radiomaria.org.ar\/programacion\/programas\/la-alegria-vivir-familia\/\" target=\"_blank\"><img fetchpriority=\"high\" decoding=\"async\" class=\"size-medium wp-image-12621 aligncenter\" src=\"http:\/\/obispadodezaratecampana.org\/wp-content\/uploads\/2016\/08\/antico-300x199.jpg\" alt=\"antico\" width=\"300\" height=\"199\" srcset=\"https:\/\/obispadodezaratecampana.org\/wp-content\/uploads\/2016\/08\/antico-300x199.jpg 300w, https:\/\/obispadodezaratecampana.org\/wp-content\/uploads\/2016\/08\/antico.jpg 641w\" sizes=\"(max-width: 300px) 100vw, 300px\" \/><\/a><\/p>\n<p style=\"text-align: center;\"><span style=\"color: #000080;\"><strong>Padre Gustavo Antico &#8211; Conductor y Productor del Programa: &#8220;La Alegr\u00eda de vivir en familia&#8221;<\/strong><\/span><\/p>\n<p style=\"text-align: justify;\"><span style=\"color: #000080;\">\u00a0Este nuevo ciclo nos invita a redescubrir la alegr\u00eda de la vida en familia, a partir de las ense\u00f1anzas del Papa Francisco en su Exhortaci\u00f3n apost\u00f3lica \u201cAmoris Laetitia: sobre el amor en la familia\u201d. Todos los mi\u00e9rcoles desde el 3 de agosto de 20: 30 a 22 hs.\u00a0<\/span><br \/>\n<span style=\"color: #000080;\">\u00a0El padre Gustavo Antico es Secretario de la Comisi\u00f3n para el Apostolado Laico y Pastoral Familiar de la Conferencia Episcopal Argentina.<\/span><\/p>\n<p style=\"text-align: justify;\">\n<!-- AddThis Advanced Settings generic via filter on the_content --><!-- AddThis Share Buttons generic via filter on the_content -->","protected":false},"excerpt":{"rendered":"<p>Queridos lectores: Hoy mi\u00e9rcoles 3 de agosto a las 20: 30 \u00a0hs el Padre Gustavo Antico entrevistar\u00e1 en vivo a nuestro Obispo Pedro. El programa [&hellip;]<!-- AddThis Advanced Settings generic via filter on get_the_excerpt --><!-- AddThis Share Buttons generic via filter on get_the_excerpt --><\/p>\n","protected":false},"author":2,"featured_media":12621,"comment_status":"open","ping_status":"open","sticky":false,"template":"","format":"standard","meta":{"footnotes":""},"categories":[1],"tags":[],"class_list":["post-12620","post","type-post","status-publish","format-standard","has-post-thumbnail","hentry","category-noticiasdiocesanas"],"_links":{"self":[{"href":"https:\/\/obispadodezaratecampana.org\/index.php?rest_route=\/wp\/v2\/posts\/12620","targetHints":{"allow":["GET"]}}],"collection":[{"href":"https:\/\/obispadodezaratecampana.org\/index.php?rest_route=\/wp\/v2\/posts"}],"about":[{"href":"https:\/\/obispadodezaratecampana.org\/index.php?rest_route=\/wp\/v2\/types\/post"}],"author":[{"embeddable":true,"href":"https:\/\/obispadodezaratecampana.org\/index.php?rest_route=\/wp\/v2\/users\/2"}],"replies":[{"embeddable":true,"href":"https:\/\/obispadodezaratecampana.org\/index.php?rest_route=%2Fwp%2Fv2%2Fcomments&post=12620"}],"version-history":[{"count":2,"href":"https:\/\/obispadodezaratecampana.org\/index.php?rest_route=\/wp\/v2\/posts\/12620\/revisions"}],"predecessor-version":[{"id":12623,"href":"https:\/\/obispadodezaratecampana.org\/index.php?rest_route=\/wp\/v2\/posts\/12620\/revisions\/12623"}],"wp:featuredmedia":[{"embeddable":true,"href":"https:\/\/obispadodezaratecampana.org\/index.php?rest_route=\/wp\/v2\/media\/12621"}],"wp:attachment":[{"href":"https:\/\/obispadodezaratecampana.org\/index.php?rest_route=%2Fwp%2Fv2%2Fmedia&parent=12620"}],"wp:term":[{"taxonomy":"category","embeddable":true,"href":"https:\/\/obispadodezaratecampana.org\/index.php?rest_route=%2Fwp%2Fv2%2Fcategories&post=12620"},{"taxonomy":"post_tag","embeddable":true,"href":"https:\/\/obispadodezaratecampana.org\/index.php?rest_route=%2Fwp%2Fv2%2Ftags&post=12620"}],"curies":[{"name":"wp","href":"https:\/\/api.w.org\/{rel}","templated":true}]}}