{"id":12601,"date":"2016-08-01T20:30:53","date_gmt":"2016-08-01T23:30:53","guid":{"rendered":"http:\/\/obispadodezaratecampana.org\/?p=12601"},"modified":"2016-08-01T20:30:53","modified_gmt":"2016-08-01T23:30:53","slug":"sabado-30-de-julio-preparacion-inmediata-remota-y-proxima-al-matrimonio","status":"publish","type":"post","link":"https:\/\/obispadodezaratecampana.org\/?p=12601","title":{"rendered":"S\u00e1bado 30 de julio: Preparaci\u00f3n inmediata, remota y pr\u00f3xima al matrimonio"},"content":{"rendered":"<p style=\"text-align: justify;\"><strong>Preparaci\u00f3n inmediata, remota y pr\u00f3xima al matrimonio<\/strong><\/p>\n<p style=\"text-align: justify;\"><img fetchpriority=\"high\" decoding=\"async\" class=\"size-medium wp-image-12606 aligncenter\" src=\"http:\/\/obispadodezaratecampana.org\/wp-content\/uploads\/2016\/08\/13717446_1083109418430076_7231105359097628979_o1-300x199.jpg\" alt=\"13717446_1083109418430076_7231105359097628979_o\" width=\"300\" height=\"199\" srcset=\"https:\/\/obispadodezaratecampana.org\/wp-content\/uploads\/2016\/08\/13717446_1083109418430076_7231105359097628979_o1-300x199.jpg 300w, https:\/\/obispadodezaratecampana.org\/wp-content\/uploads\/2016\/08\/13717446_1083109418430076_7231105359097628979_o1-1024x680.jpg 1024w, https:\/\/obispadodezaratecampana.org\/wp-content\/uploads\/2016\/08\/13717446_1083109418430076_7231105359097628979_o1.jpg 2048w\" sizes=\"(max-width: 300px) 100vw, 300px\" \/><\/p>\n<p style=\"text-align: justify;\">Apoyado por un excelente \u201cpower point\u201d de su autor\u00eda, el especialista en derecho y pastoral matrimonial a quien ya presentamos, brind\u00f3 una charla de hora y media en el sal\u00f3n auditorio de catedral Santa Florentina, el pasado 30 de julio.<br \/>\nEl anfitri\u00f3n y entusiasta promotor de este evento, habida cuenta de la visita del P. Luis Mur (salesiano)a Buenos Aires para un encuentro de canonistas, y la reciente diplomatura de los asesores judiciales del Tribunal Eclesi\u00e1stico en Derecho Matrimonial Can\u00f3nico \u2013 on line- en la Facultad de Derecho Can\u00f3nico (Pontificia Universidad Javeriana de Bogot\u00e1), nos permiti\u00f3 a quien suscribe P. N\u00e9stor entrar en contacto con el decano( P. Mur) e invitarlo con la complacencia del p\u00e1rroco Monse\u00f1or Ariel P\u00e9rez. En muy poco tiempo la colaboraci\u00f3n institucional de LEGION DE MARIA, LIGA DE MADRES DE FAMILIA Y MATRIMONIOS ROG, quienes tuvieron la generosidad de sufragar los vi\u00e1ticos de venida y retorno del padre Mur a Buenos Aires, y presenciar una verdadera joya de pastoral familiar, sobre todo su proyecci\u00f3n codicial desde \u201cAmoris Laetitia\u201d y como a trav\u00e9s de la catequesis ordinaria, la homil\u00eda y las proclamas matrimoniales, puede realizarse una preparaci\u00f3n y seguimiento continuo de quienes formar\u00e1n un hogar cristiano.<br \/>\nRuben Luquez y Andrea Giobellini llevaron luego al P. Mur a Los Cardales para el almuerzo y le permitieron cumplir su deseo, no irse de la Argentina sin saludar a Ntra.Sra. de Luj\u00e1n en su Bas\u00edlica.<\/p>\n<p style=\"text-align: justify;\">Fuente: perfil de Facebook del padre Nestor Daniel Villa Calvo<\/p>\n<p style=\"text-align: justify;\"><a title=\"matrimonio\" href=\"https:\/\/web.facebook.com\/nestordaniel.villacalvo?fref=ts\" target=\"_blank\">https:\/\/web.facebook.com\/nestordaniel.villacalvo?fref=ts<\/a><\/p>\n<p>\u00a0<img decoding=\"async\" class=\"size-medium wp-image-12605 aligncenter\" src=\"http:\/\/obispadodezaratecampana.org\/wp-content\/uploads\/2016\/08\/13669313_1083109948430023_7538377881294806714_o-300x199.jpg\" alt=\"13669313_1083109948430023_7538377881294806714_o\" width=\"300\" height=\"199\" srcset=\"https:\/\/obispadodezaratecampana.org\/wp-content\/uploads\/2016\/08\/13669313_1083109948430023_7538377881294806714_o-300x199.jpg 300w, https:\/\/obispadodezaratecampana.org\/wp-content\/uploads\/2016\/08\/13669313_1083109948430023_7538377881294806714_o-1024x680.jpg 1024w, https:\/\/obispadodezaratecampana.org\/wp-content\/uploads\/2016\/08\/13669313_1083109948430023_7538377881294806714_o.jpg 2048w\" sizes=\"(max-width: 300px) 100vw, 300px\" \/><\/p>\n<p>\u00e7 <a href=\"http:\/\/obispadodezaratecampana.org\/wp-content\/uploads\/2016\/08\/13717446_1083109418430076_7231105359097628979_o1.jpg\"><br \/>\n<\/a><\/p>\n<!-- AddThis Advanced Settings generic via filter on the_content --><!-- AddThis Share Buttons generic via filter on the_content -->","protected":false},"excerpt":{"rendered":"<p>Preparaci\u00f3n inmediata, remota y pr\u00f3xima al matrimonio Apoyado por un excelente \u201cpower point\u201d de su autor\u00eda, el especialista en derecho y pastoral matrimonial a quien [&hellip;]<!-- AddThis Advanced Settings generic via filter on get_the_excerpt --><!-- AddThis Share Buttons generic via filter on get_the_excerpt --><\/p>\n","protected":false},"author":2,"featured_media":12603,"comment_status":"open","ping_status":"open","sticky":false,"template":"","format":"standard","meta":{"footnotes":""},"categories":[1,3],"tags":[],"class_list":["post-12601","post","type-post","status-publish","format-standard","has-post-thumbnail","hentry","category-noticiasdiocesanas","category-noticiasparroquiales"],"_links":{"self":[{"href":"https:\/\/obispadodezaratecampana.org\/index.php?rest_route=\/wp\/v2\/posts\/12601","targetHints":{"allow":["GET"]}}],"collection":[{"href":"https:\/\/obispadodezaratecampana.org\/index.php?rest_route=\/wp\/v2\/posts"}],"about":[{"href":"https:\/\/obispadodezaratecampana.org\/index.php?rest_route=\/wp\/v2\/types\/post"}],"author":[{"embeddable":true,"href":"https:\/\/obispadodezaratecampana.org\/index.php?rest_route=\/wp\/v2\/users\/2"}],"replies":[{"embeddable":true,"href":"https:\/\/obispadodezaratecampana.org\/index.php?rest_route=%2Fwp%2Fv2%2Fcomments&post=12601"}],"version-history":[{"count":2,"href":"https:\/\/obispadodezaratecampana.org\/index.php?rest_route=\/wp\/v2\/posts\/12601\/revisions"}],"predecessor-version":[{"id":12607,"href":"https:\/\/obispadodezaratecampana.org\/index.php?rest_route=\/wp\/v2\/posts\/12601\/revisions\/12607"}],"wp:featuredmedia":[{"embeddable":true,"href":"https:\/\/obispadodezaratecampana.org\/index.php?rest_route=\/wp\/v2\/media\/12603"}],"wp:attachment":[{"href":"https:\/\/obispadodezaratecampana.org\/index.php?rest_route=%2Fwp%2Fv2%2Fmedia&parent=12601"}],"wp:term":[{"taxonomy":"category","embeddable":true,"href":"https:\/\/obispadodezaratecampana.org\/index.php?rest_route=%2Fwp%2Fv2%2Fcategories&post=12601"},{"taxonomy":"post_tag","embeddable":true,"href":"https:\/\/obispadodezaratecampana.org\/index.php?rest_route=%2Fwp%2Fv2%2Ftags&post=12601"}],"curies":[{"name":"wp","href":"https:\/\/api.w.org\/{rel}","templated":true}]}}