{"id":12589,"date":"2016-07-29T19:38:44","date_gmt":"2016-07-29T22:38:44","guid":{"rendered":"http:\/\/obispadodezaratecampana.org\/?p=12589"},"modified":"2016-07-29T19:38:44","modified_gmt":"2016-07-29T22:38:44","slug":"el-papa-pide-a-los-jovenes-en-el-via-crucis-de-la-misericordia-que-sean-sembradores-de-esperanza","status":"publish","type":"post","link":"https:\/\/obispadodezaratecampana.org\/?p=12589","title":{"rendered":"El Papa pide a los j\u00f3venes en el V\u00eda Crucis de la Misericordia que sean &#8220;sembradores de esperanza&#8221;"},"content":{"rendered":"<p style=\"text-align: justify;\">(RV).- Catorce estaciones que fueron acompa\u00f1adas de catorce obras de misericordia. As\u00ed fue el V\u00eda Crucis de la Jornada Mundial de la Juventud en la explana de Blonia la tarde del viernes donde en cada estaci\u00f3n la cruz fue llevada por diferentes grupos de j\u00f3venes de diversas asociaciones, como la \u2018Comunidad Cen\u00e1culo\u2019, la fundaci\u00f3n \u2018Ayuda a la Iglesia Necesitada\u2019 o la asociaci\u00f3n \u2018Mutual Help\u2019. Con ellos, Papa Francisco viviendo y sintiendo el dolor del hombre.<\/p>\n<p style=\"text-align: justify;\">El V\u00eda Crucis de la Misericordia comenz\u00f3 con un grupo de refugiados sirios acogidos en Roma por la Comunidad Sant Egido. A ellos Papa Francisco les dedic\u00f3 un mensaje especial durante su discurso, record\u00e1ndoles que \u201cJes\u00fas les abraza con amor\u201d.<\/p>\n<p style=\"text-align: justify;\">El Santo Padre despu\u00e9s de haber vivido un d\u00eda lleno de emociones dolorosas que enmudecen, explic\u00f3 que en muchas situaciones de la vida donde est\u00e1 presente el dolor de hombre, nos preguntamos \u00bfD\u00f3nde est\u00e1 Dios?. Papa Francisco, conmovido, explic\u00f3 que la respuesta de Jes\u00fas es esta: \u201cDios est\u00e1 en ellos, Jes\u00fas est\u00e1 en ellos, sufre en ellos, profundamente identificado con cada uno. \u00c9l est\u00e1 tan unido a ellos, que forma casi como un solo cuerpo\u201d.<\/p>\n<p style=\"text-align: justify;\">El Papa record\u00f3 que tambi\u00e9n Jes\u00fas \u201cmuriendo en la cruz, se entreg\u00f3 en las manos del Padre (\u2026) y carg\u00f3 consigo las heridas f\u00edsicas, morales y espirituales de toda la humanidad\u201d. Y en este sentido pidi\u00f3 a los j\u00f3venes que no vivieran su vida \u201ca medias\u201d, que est\u00e9n dispuestos a servir generosamente a los hermanos m\u00e1s pobres y d\u00e9biles, \u201ca semejanza de Cristo\u201d.<\/p>\n<p style=\"text-align: justify;\">(M\u00f3nica Zorita- Radio Vaticano)<\/p>\n<p style=\"text-align: justify;\">Discurso de Papa Francisco:<\/p>\n<p style=\"text-align: justify;\">\u00abTuve hambre y me disteis de comer,<\/p>\n<p style=\"text-align: justify;\">tuve sed y me disteis de beber,<\/p>\n<p style=\"text-align: justify;\">fui forastero y me hospedasteis,<\/p>\n<p style=\"text-align: justify;\">estuve desnudo y me vestisteis,<\/p>\n<p style=\"text-align: justify;\">enfermo y me visitasteis,<\/p>\n<p style=\"text-align: justify;\">en la c\u00e1rcel y vinisteis a verme\u00bb (Mt 25,35-36).<\/p>\n<p style=\"text-align: justify;\">Estas palabras de Jes\u00fas responden a la pregunta que a menudo resuena en nuestra mente y en nuestro coraz\u00f3n: \u00ab\u00bfD\u00f3nde est\u00e1 Dios?\u00bb. \u00bfD\u00f3nde est\u00e1 Dios, si en el mundo existe el mal, si hay gente que pasa hambre o sed, que no tienen hogar, que huyen, que buscan refugio? \u00bfD\u00f3nde est\u00e1 Dios cuando las personas inocentes mueren a causa de la violencia, el terrorismo, las guerras? \u00bfD\u00f3nde est\u00e1 Dios, cuando enfermedades terribles rompen los lazos de la vida y el afecto? \u00bfO cuando los ni\u00f1os son explotados, humillados, y tambi\u00e9n sufren graves patolog\u00edas? \u00bfD\u00f3nde est\u00e1 Dios, ante la inquietud de los que dudan y de los que tienen el alma afligida? Hay preguntas para las cuales no hay respuesta humana. S\u00f3lo podemos mirar a Jes\u00fas, y preguntarle a \u00e9l. Y la respuesta de Jes\u00fas es esta: \u00abDios est\u00e1 en ellos\u00bb, Jes\u00fas est\u00e1 en ellos, sufre en ellos, profundamente identificado con cada uno. \u00c9l est\u00e1 tan unido a ellos, que forma casi como \u00abun solo cuerpo\u00bb.<\/p>\n<p style=\"text-align: justify;\">Jes\u00fas mismo eligi\u00f3 identificarse con estos hermanos y hermanas que sufren por el dolor y la angustia, aceptando recorrer la v\u00eda dolorosa que lleva al calvario. \u00c9l, muriendo en la cruz, se entreg\u00f3 en las manos del Padre y, con amor que se entrega, carg\u00f3 consigo las heridas f\u00edsicas, morales y espirituales de toda la humanidad. Abrazando el madero de la cruz, Jes\u00fas abraz\u00f3 la desnudez y el hambre, la sed y la soledad, el dolor y la muerte de los hombres y mujeres de todos los tiempos. En esta tarde, Jes\u00fas \u2014y nosotros con \u00e9l\u2014 abraza con especial amor a nuestros hermanos sirios, que huyeron de la guerra. Los saludamos y acogemos con amor fraternal y simpat\u00eda.<\/p>\n<p style=\"text-align: justify;\">Recorriendo el Via Crucis de Jes\u00fas, hemos descubierto de nuevo la importancia de configurarnos con \u00e9l mediante las 14 obras de misericordia. Ellas nos ayudan a abrirnos a la misericordia de Dios, a pedir la gracia de comprender que sin la misericordia no se puede hacer nada, sin la misericordia yo, t\u00fa, todos nosotros, no podemos hacer nada. Veamos primero las siete obras de misericordia corporales: dar de comer al hambriento; dar de beber al sediento; vestir al desnudo; acoger al forastero; asistir al enfermo; visitar a los presos; enterrar a los muertos. Gratis lo hemos recibido, gratis lo hemos de dar. Estamos llamados a servir a Jes\u00fas crucificado en toda persona marginada, a tocar su carne bendita en quien est\u00e1 excluido, tiene hambre o sed, est\u00e1 desnudo, preso, enfermo, desempleado, perseguido, refugiado, emigrante. All\u00ed encontramos a nuestro Dios, all\u00ed tocamos al Se\u00f1or. Jes\u00fas mismo nos lo ha dicho, explicando el \u00abprotocolo\u00bb por el cual seremos juzgados: cada vez que hagamos esto con el m\u00e1s peque\u00f1o de nuestros hermanos, lo hacemos con \u00e9l (cf. Mt 25,31-46).<\/p>\n<p style=\"text-align: justify;\">Despu\u00e9s de las obras de misericordia corporales vienen las espirituales: dar consejo al que lo necesita, ense\u00f1ar al que no sabe, corregir al que yerra, consolar al triste, perdonar las ofensas, soportar con paciencia a las personas molestas, rogar a Dios por los vivos y por los difuntos. Nuestra credibilidad como cristianos depende del modo en que acogemos a los marginados que est\u00e1n heridos en el cuerpo y al pecador herido en el alma. En la acogida del emigrado que est\u00e1 herido en su cuerpo y en la acogida del pecador que est\u00e1 herido en el alma, se juega nuestra credibilidad como cristianos!\u00a1No en las ideas: ah\u00ed!<\/p>\n<p style=\"text-align: justify;\">Hoy la humanidad necesita hombres y mujeres, y en especial j\u00f3venes como vosotros, que no quieran vivir sus vidas \u00aba medias\u00bb, j\u00f3venes dispuestos a entregar sus vidas para servir generosamente a los hermanos m\u00e1s pobres y d\u00e9biles, a semejanza de Cristo, que se entreg\u00f3 completamente por nuestra salvaci\u00f3n. Ante el mal, el sufrimiento, el pecado, la \u00fanica respuesta posible para el disc\u00edpulo de Jes\u00fas es el don de s\u00ed mismo, incluso de la vida, a imitaci\u00f3n de Cristo; es la actitud de servicio. Si uno, que se dice cristiano, no vive para servir, no sirve para vivir. Con su vida reniega de Jesucristo.<\/p>\n<p style=\"text-align: justify;\">En esta tarde, queridos j\u00f3venes, el Se\u00f1or os invita de nuevo a que se\u00e1is protagonistas de vuestro servicio; quiere hacer de vosotros una respuesta concreta a las necesidades y sufrimientos de la humanidad; quiere que se\u00e1is un signo de su amor misericordioso para nuestra \u00e9poca. Para cumplir esta misi\u00f3n, \u00e9l os se\u00f1ala la v\u00eda del compromiso personal y del sacrificio de s\u00ed mismo: es la v\u00eda de la cruz. La v\u00eda de la cruz es la v\u00eda de la felicidad de seguir a Cristo hasta el final, en las circunstancias a menudo dram\u00e1ticas de la vida cotidiana; es la v\u00eda que no teme el fracaso, el aislamiento o la soledad, porque colma el coraz\u00f3n del hombre de la plenitud de Cristo. La v\u00eda de la cruz es la v\u00eda de la vida y del estilo de Dios, que Jes\u00fas manda recorrer a trav\u00e9s tambi\u00e9n de los senderos de una sociedad a veces dividida, injusta y corrupta.<\/p>\n<p style=\"text-align: justify;\">La v\u00eda de la cruz no es una actitud sadomasoquista: la v\u00eda de la cruz es la \u00fanica que vence el pecado, el mal y la muerte, porque desemboca en la luz radiante de la resurrecci\u00f3n de Cristo, abriendo el horizonte a una vida nueva y plena. Es la v\u00eda de la esperanza y del futuro. Quien la recorre con generosidad y fe, da esperanza y futuro a la humanidad. Quien la recorre con generosidad y con fe, siembra esperanza. Y yo querr\u00eda que ustedes fueran sembradores de esperanza.<\/p>\n<p style=\"text-align: justify;\">Queridos j\u00f3venes, en aquel Viernes Santo muchos disc\u00edpulos regresaron a sus casas tristes, otros prefirieron ir al campo para olvidar un poco la cruz. Les pregunto: pero respondan cada uno en silencio, en su coraz\u00f3n, en el propio coraz\u00f3n \u00bfC\u00f3mo dese\u00e1is regresar esta noche a vuestras casas, a vuestros alojamientos, a vuestras tiendas? \u00bfC\u00f3mo dese\u00e1is volver esta noche a encontraros con vosotros mismos? El mundo nos mira. Corresponde a cada uno de vosotros responder al desaf\u00edo de esta pregunta.<\/p>\n<p style=\"text-align: justify;\">(from Vatican Radio)<\/p>\n<!-- AddThis Advanced Settings generic via filter on the_content --><!-- AddThis Share Buttons generic via filter on the_content -->","protected":false},"excerpt":{"rendered":"<p>(RV).- Catorce estaciones que fueron acompa\u00f1adas de catorce obras de misericordia. As\u00ed fue el V\u00eda Crucis de la Jornada Mundial de la Juventud en la [&hellip;]<!-- AddThis Advanced Settings generic via filter on get_the_excerpt --><!-- AddThis Share Buttons generic via filter on get_the_excerpt --><\/p>\n","protected":false},"author":2,"featured_media":12590,"comment_status":"open","ping_status":"open","sticky":false,"template":"","format":"standard","meta":{"footnotes":""},"categories":[161],"tags":[],"class_list":["post-12589","post","type-post","status-publish","format-standard","has-post-thumbnail","hentry","category-el-papa-leonxiv"],"_links":{"self":[{"href":"https:\/\/obispadodezaratecampana.org\/index.php?rest_route=\/wp\/v2\/posts\/12589","targetHints":{"allow":["GET"]}}],"collection":[{"href":"https:\/\/obispadodezaratecampana.org\/index.php?rest_route=\/wp\/v2\/posts"}],"about":[{"href":"https:\/\/obispadodezaratecampana.org\/index.php?rest_route=\/wp\/v2\/types\/post"}],"author":[{"embeddable":true,"href":"https:\/\/obispadodezaratecampana.org\/index.php?rest_route=\/wp\/v2\/users\/2"}],"replies":[{"embeddable":true,"href":"https:\/\/obispadodezaratecampana.org\/index.php?rest_route=%2Fwp%2Fv2%2Fcomments&post=12589"}],"version-history":[{"count":1,"href":"https:\/\/obispadodezaratecampana.org\/index.php?rest_route=\/wp\/v2\/posts\/12589\/revisions"}],"predecessor-version":[{"id":12591,"href":"https:\/\/obispadodezaratecampana.org\/index.php?rest_route=\/wp\/v2\/posts\/12589\/revisions\/12591"}],"wp:featuredmedia":[{"embeddable":true,"href":"https:\/\/obispadodezaratecampana.org\/index.php?rest_route=\/wp\/v2\/media\/12590"}],"wp:attachment":[{"href":"https:\/\/obispadodezaratecampana.org\/index.php?rest_route=%2Fwp%2Fv2%2Fmedia&parent=12589"}],"wp:term":[{"taxonomy":"category","embeddable":true,"href":"https:\/\/obispadodezaratecampana.org\/index.php?rest_route=%2Fwp%2Fv2%2Fcategories&post=12589"},{"taxonomy":"post_tag","embeddable":true,"href":"https:\/\/obispadodezaratecampana.org\/index.php?rest_route=%2Fwp%2Fv2%2Ftags&post=12589"}],"curies":[{"name":"wp","href":"https:\/\/api.w.org\/{rel}","templated":true}]}}