{"id":12586,"date":"2016-07-29T19:31:54","date_gmt":"2016-07-29T22:31:54","guid":{"rendered":"http:\/\/obispadodezaratecampana.org\/?p=12586"},"modified":"2016-07-29T19:31:54","modified_gmt":"2016-07-29T22:31:54","slug":"29-de-julio-silencio-y-escucha-en-el-umbral-de-auschwitz","status":"publish","type":"post","link":"https:\/\/obispadodezaratecampana.org\/?p=12586","title":{"rendered":"29 de julio: Silencio y escucha en el umbral de Auschwitz"},"content":{"rendered":"<p><img fetchpriority=\"high\" decoding=\"async\" class=\"size-medium wp-image-12587 aligncenter\" src=\"http:\/\/obispadodezaratecampana.org\/wp-content\/uploads\/2016\/07\/lamento-300x205.jpg\" alt=\"lamento\" width=\"300\" height=\"205\" srcset=\"https:\/\/obispadodezaratecampana.org\/wp-content\/uploads\/2016\/07\/lamento-300x205.jpg 300w, https:\/\/obispadodezaratecampana.org\/wp-content\/uploads\/2016\/07\/lamento.jpg 365w\" sizes=\"(max-width: 300px) 100vw, 300px\" \/><\/p>\n<p style=\"text-align: justify;\">(RV).- A pocos metros de Auschwitz, por el camino paralelo que conduce al lugar s\u00edmbolo de la degradaci\u00f3n del hombre contra el hombre del siglo pasado, surge el \u201cCentro para el di\u00e1logo y la oraci\u00f3n de O\u015bwi\u0119cim\u201d. Di\u00e1logo, o tal vez silencio y escucha en el umbral de Auschwitz.<\/p>\n<p style=\"text-align: justify;\">Se trata de una realidad dirigida por el Centro que se dedica a la informaci\u00f3n, ense\u00f1anza y oraci\u00f3n de la \u201cFundaci\u00f3n Cracovia\u201d, activo desde 1992. Esta entidad cat\u00f3lica, fundada por quien fue su Arzobispo, el Cardenal Franciszek Macharski, en colaboraci\u00f3n con los Obispos de Europa y con el acuerdo de los representantes de las organizaciones jud\u00edas, est\u00e1 a cargo del sacerdote alem\u00e1n Manfred Deselaers.<\/p>\n<p style=\"text-align: justify;\">En este lugar, no s\u00f3lo se ofrecen visitas guiadas al museo de Auschwitz \u2013 Birkenau, o reuniones con ex prisioneros, tanto cristianos como jud\u00edos, con gente joven de Polonia, Alemania y otros pa\u00edses, con profesores universitarios, con sacerdotes y rabinos o se realizan reflexiones de car\u00e1cter \u00e9tico o religioso, sino tambi\u00e9n retiros espirituales y reuniones de oraci\u00f3n y meditaci\u00f3n.<\/p>\n<p style=\"text-align: justify;\">\u201cEntre las numerosas iniciativas que se est\u00e1n realizando en el esp\u00edritu del Consejo para el di\u00e1logo jud\u00edo-cristiano\u201d, me gustar\u00eda mencionar un centro para la ense\u00f1anza y la oraci\u00f3n que se est\u00e1 preparando en Polonia. Servir\u00e1 para facilitar la investigaci\u00f3n acerca de la Shoah y el martirio del pueblo polaco y de otros pueblos europeos durante el tiempo del Socialismo Nacional, y para ayudar mediante la confrontaci\u00f3n espiritual con estos problemas.<\/p>\n<p style=\"text-align: justify;\">Lo dec\u00eda San Juan Pablo II, el 24 de junio de 1988, al bendecir este centro que desde hace m\u00e1s de dos d\u00e9cadas funciona a la perfecci\u00f3n. Es m\u00e1s, tal como deseaba entonces el Papa Wojty\u0142a, aporta fruto abundante y puede servir como ejemplo para otras naciones.<\/p>\n<p style=\"text-align: justify;\">Desde Cracovia, Mar\u00eda Fernanda Bernasconi &#8211; RV.<\/p>\n<p style=\"text-align: justify;\">Fuente: NEWS.VA<\/p>\n<p style=\"text-align: justify;\">\n<!-- AddThis Advanced Settings generic via filter on the_content --><!-- AddThis Share Buttons generic via filter on the_content -->","protected":false},"excerpt":{"rendered":"<p>(RV).- A pocos metros de Auschwitz, por el camino paralelo que conduce al lugar s\u00edmbolo de la degradaci\u00f3n del hombre contra el hombre del siglo [&hellip;]<!-- AddThis Advanced Settings generic via filter on get_the_excerpt --><!-- AddThis Share Buttons generic via filter on get_the_excerpt --><\/p>\n","protected":false},"author":2,"featured_media":12587,"comment_status":"open","ping_status":"open","sticky":false,"template":"","format":"standard","meta":{"footnotes":""},"categories":[161],"tags":[],"class_list":["post-12586","post","type-post","status-publish","format-standard","has-post-thumbnail","hentry","category-el-papa-leonxiv"],"_links":{"self":[{"href":"https:\/\/obispadodezaratecampana.org\/index.php?rest_route=\/wp\/v2\/posts\/12586","targetHints":{"allow":["GET"]}}],"collection":[{"href":"https:\/\/obispadodezaratecampana.org\/index.php?rest_route=\/wp\/v2\/posts"}],"about":[{"href":"https:\/\/obispadodezaratecampana.org\/index.php?rest_route=\/wp\/v2\/types\/post"}],"author":[{"embeddable":true,"href":"https:\/\/obispadodezaratecampana.org\/index.php?rest_route=\/wp\/v2\/users\/2"}],"replies":[{"embeddable":true,"href":"https:\/\/obispadodezaratecampana.org\/index.php?rest_route=%2Fwp%2Fv2%2Fcomments&post=12586"}],"version-history":[{"count":1,"href":"https:\/\/obispadodezaratecampana.org\/index.php?rest_route=\/wp\/v2\/posts\/12586\/revisions"}],"predecessor-version":[{"id":12588,"href":"https:\/\/obispadodezaratecampana.org\/index.php?rest_route=\/wp\/v2\/posts\/12586\/revisions\/12588"}],"wp:featuredmedia":[{"embeddable":true,"href":"https:\/\/obispadodezaratecampana.org\/index.php?rest_route=\/wp\/v2\/media\/12587"}],"wp:attachment":[{"href":"https:\/\/obispadodezaratecampana.org\/index.php?rest_route=%2Fwp%2Fv2%2Fmedia&parent=12586"}],"wp:term":[{"taxonomy":"category","embeddable":true,"href":"https:\/\/obispadodezaratecampana.org\/index.php?rest_route=%2Fwp%2Fv2%2Fcategories&post=12586"},{"taxonomy":"post_tag","embeddable":true,"href":"https:\/\/obispadodezaratecampana.org\/index.php?rest_route=%2Fwp%2Fv2%2Ftags&post=12586"}],"curies":[{"name":"wp","href":"https:\/\/api.w.org\/{rel}","templated":true}]}}