{"id":12581,"date":"2016-07-29T19:24:31","date_gmt":"2016-07-29T22:24:31","guid":{"rendered":"http:\/\/obispadodezaratecampana.org\/?p=12581"},"modified":"2016-07-29T21:05:46","modified_gmt":"2016-07-30T00:05:46","slug":"sabado-30-de-julio-empanadas-a-beneficio-de-la-pquia-ntra-de-nazareth-zarate","status":"publish","type":"post","link":"https:\/\/obispadodezaratecampana.org\/?p=12581","title":{"rendered":"S\u00e1bado 30 de julio: Empanadas a beneficio de la Pquia Ntra de Nazareth, Z\u00e1rate"},"content":{"rendered":"<p style=\"text-align: center;\"><strong>S\u00e1bado 30 de julio: empanadas tucumanas a beneficio de la Parroquia Ntra Sra de Nazareth de Z\u00e1rate.<\/strong><\/p>\n<p>EMPANADAS EN MAR\u00cdA DE NAZARETH:\u00a0TUCUMANAS, PICADAS A CUCHILLO, FRITAS, AL HORNO \u00d3 PRE-COCIDAS; TE ESPERAN ESTE S\u00c1BADO 30 DE JULIO DESDE LAS 11.30 HS. CALLE ALEM 1750, Z\u00c1RATE.<\/p>\n<p>SOLO EN ESTA OPORTUNIDAD, HAC\u00c9 TU PEDIDO VIA MENSAJE PRIVADO CON NOMBRE, DIRECCI\u00d3N, TEL\u00c9FONO Y CANTIDAD.<br \/>\n$180 LA DOC. \u00a1GRACIAS POR COLABORAR CON NOSOTROS!<\/p>\n<p>Perfil de facebook para consultas y pedidos:\u00a0<a title=\"tucumanas \" href=\"https:\/\/www.facebook.com\/profile.php?id=100011404014512\" target=\"_blank\">https:\/\/www.facebook.com\/profile.php?id=100011404014512<\/a><\/p>\n<p><img fetchpriority=\"high\" decoding=\"async\" class=\"size-medium wp-image-12582 aligncenter\" src=\"http:\/\/obispadodezaratecampana.org\/wp-content\/uploads\/2016\/07\/13613312_313150649075066_3441226549828173160_o-300x179.jpg\" alt=\"13613312_313150649075066_3441226549828173160_o\" width=\"300\" height=\"179\" srcset=\"https:\/\/obispadodezaratecampana.org\/wp-content\/uploads\/2016\/07\/13613312_313150649075066_3441226549828173160_o-300x179.jpg 300w, https:\/\/obispadodezaratecampana.org\/wp-content\/uploads\/2016\/07\/13613312_313150649075066_3441226549828173160_o-1024x614.jpg 1024w, https:\/\/obispadodezaratecampana.org\/wp-content\/uploads\/2016\/07\/13613312_313150649075066_3441226549828173160_o.jpg 2048w\" sizes=\"(max-width: 300px) 100vw, 300px\" \/><\/p>\n<p><img decoding=\"async\" class=\"size-medium wp-image-12583 aligncenter\" src=\"http:\/\/obispadodezaratecampana.org\/wp-content\/uploads\/2016\/07\/13626532_311035595953238_8079492851460377342_n-300x197.jpg\" alt=\"13626532_311035595953238_8079492851460377342_n\" width=\"300\" height=\"197\" srcset=\"https:\/\/obispadodezaratecampana.org\/wp-content\/uploads\/2016\/07\/13626532_311035595953238_8079492851460377342_n-300x197.jpg 300w, https:\/\/obispadodezaratecampana.org\/wp-content\/uploads\/2016\/07\/13626532_311035595953238_8079492851460377342_n.jpg 960w\" sizes=\"(max-width: 300px) 100vw, 300px\" \/><\/p>\n<!-- AddThis Advanced Settings generic via filter on the_content --><!-- AddThis Share Buttons generic via filter on the_content -->","protected":false},"excerpt":{"rendered":"<p>S\u00e1bado 30 de julio: empanadas tucumanas a beneficio de la Parroquia Ntra Sra de Nazareth de Z\u00e1rate. EMPANADAS EN MAR\u00cdA DE NAZARETH:\u00a0TUCUMANAS, PICADAS A CUCHILLO, [&hellip;]<!-- AddThis Advanced Settings generic via filter on get_the_excerpt --><!-- AddThis Share Buttons generic via filter on get_the_excerpt --><\/p>\n","protected":false},"author":2,"featured_media":12583,"comment_status":"open","ping_status":"open","sticky":false,"template":"","format":"standard","meta":{"footnotes":""},"categories":[3],"tags":[],"class_list":["post-12581","post","type-post","status-publish","format-standard","has-post-thumbnail","hentry","category-noticiasparroquiales"],"_links":{"self":[{"href":"https:\/\/obispadodezaratecampana.org\/index.php?rest_route=\/wp\/v2\/posts\/12581","targetHints":{"allow":["GET"]}}],"collection":[{"href":"https:\/\/obispadodezaratecampana.org\/index.php?rest_route=\/wp\/v2\/posts"}],"about":[{"href":"https:\/\/obispadodezaratecampana.org\/index.php?rest_route=\/wp\/v2\/types\/post"}],"author":[{"embeddable":true,"href":"https:\/\/obispadodezaratecampana.org\/index.php?rest_route=\/wp\/v2\/users\/2"}],"replies":[{"embeddable":true,"href":"https:\/\/obispadodezaratecampana.org\/index.php?rest_route=%2Fwp%2Fv2%2Fcomments&post=12581"}],"version-history":[{"count":2,"href":"https:\/\/obispadodezaratecampana.org\/index.php?rest_route=\/wp\/v2\/posts\/12581\/revisions"}],"predecessor-version":[{"id":12592,"href":"https:\/\/obispadodezaratecampana.org\/index.php?rest_route=\/wp\/v2\/posts\/12581\/revisions\/12592"}],"wp:featuredmedia":[{"embeddable":true,"href":"https:\/\/obispadodezaratecampana.org\/index.php?rest_route=\/wp\/v2\/media\/12583"}],"wp:attachment":[{"href":"https:\/\/obispadodezaratecampana.org\/index.php?rest_route=%2Fwp%2Fv2%2Fmedia&parent=12581"}],"wp:term":[{"taxonomy":"category","embeddable":true,"href":"https:\/\/obispadodezaratecampana.org\/index.php?rest_route=%2Fwp%2Fv2%2Fcategories&post=12581"},{"taxonomy":"post_tag","embeddable":true,"href":"https:\/\/obispadodezaratecampana.org\/index.php?rest_route=%2Fwp%2Fv2%2Ftags&post=12581"}],"curies":[{"name":"wp","href":"https:\/\/api.w.org\/{rel}","templated":true}]}}