{"id":12561,"date":"2016-07-27T19:55:14","date_gmt":"2016-07-27T22:55:14","guid":{"rendered":"http:\/\/obispadodezaratecampana.org\/?p=12561"},"modified":"2016-07-27T19:55:14","modified_gmt":"2016-07-27T22:55:14","slug":"el-santo-padre-llega-a-cracovia-el-mundo-esta-en-guerra-pero-no-de-religion","status":"publish","type":"post","link":"https:\/\/obispadodezaratecampana.org\/?p=12561","title":{"rendered":"El Santo Padre llega a Cracovia. \u2018El mundo est\u00e1 en guerra pero no de religi\u00f3n\u2019"},"content":{"rendered":"<p style=\"text-align: justify;\">(ZENIT \u2013 Roma).- El vuelo Alitalia A321 que lleva al papa Francisco a Polonia para la Jornada Mundial de la Juventud, parti\u00f3 a las 14:05 del aeropuerto Fiumicino\/Leonardo da Vinci y ha llegado en dos horas a Cracovia en un el viaje de 1.100 kil\u00f3metros en el cual cruz\u00f3 los espacios a\u00e9reos de Italia, Croacia, Eslovenia, Austria, Eslovaquia y Polonia.<\/p>\n<p><img fetchpriority=\"high\" decoding=\"async\" class=\"size-medium wp-image-12562 aligncenter\" src=\"http:\/\/obispadodezaratecampana.org\/wp-content\/uploads\/2016\/07\/papa-francis-300x199.jpg\" alt=\"papa francis\" width=\"300\" height=\"199\" srcset=\"https:\/\/obispadodezaratecampana.org\/wp-content\/uploads\/2016\/07\/papa-francis-300x199.jpg 300w, https:\/\/obispadodezaratecampana.org\/wp-content\/uploads\/2016\/07\/papa-francis.jpg 740w\" sizes=\"(max-width: 300px) 100vw, 300px\" \/><\/p>\n<p style=\"text-align: justify;\">El vuelo llega a Polonia, al aeropuerto internacional Juan Pablo II Durante el vuelo, el Santo Padre salud\u00f3 a los periodistas, c\u00e1maras y fot\u00f3grafos que le acompa\u00f1an e hizo una reflexi\u00f3n sobre el asesinato del sacerdote franc\u00e9s, ocurrido ayer, a manos de terroristas relacionados con el Estado Isl\u00e1mico.<\/p>\n<p style=\"text-align: justify;\">El Papa se\u00f1alo que \u201cdesde hace tiempo el mundo est\u00e1 en una guerra a trozos, pero es una guerra\u201d. Y explic\u00f3 que no es una guerra comparable a la Primera o la Segunda Mundial, \u201cesta no es una guerra declarada, pero s\u00ed organizada. Es una guerra\u201d.<\/p>\n<p style=\"text-align: justify;\">Record\u00f3 as\u00ed a \u201ceste sacerdote santo que muri\u00f3 justo cuando ofrec\u00eda una plegaria por toda la Iglesia\u201d. Pero invit\u00f3 a pensar tambi\u00e9n en pa\u00edses como Nigeria, aunque mucha gente diga \u201c\u00a1Ah, pero eso es en \u00c1frica!\u201d e hizo referencia a \u201ctantos cristianos, tantos inocentes, tantos ni\u00f1os\u201d que sufren las consecuencias de la guerra. Finalmente asegur\u00f3 que \u201cno es una guerra de religiones, es una guerra de intereses, por dinero, por los recursos de la naturaleza, por el dominio de los pueblos. Pero no es una guerra de religiones, porque todas las religiones quieren paz\u201d.<\/p>\n<p style=\"text-align: justify;\">El Papa agradeci\u00f3 entonces el trabajo de los periodistas en esta jornada de la juventud, \u201cla juventud nos dice esperanza, esperemos que los j\u00f3venes nos digan algo y nos d\u00e9 esperanza en este momento\u201d dijo.<\/p>\n<p style=\"text-align: justify;\">Como es habitual cada vez que el Santo Padre viaja fuera de Italia, envi\u00f3 un telegrama para saludar al presidente del pa\u00eds, Sergio Mattarella, en el que califica la Jornada Mundial de la Juventud como \u201cuna significativa manifestaci\u00f3n en el signo de la fe y la fraternidad\u201d.<\/p>\n<p style=\"text-align: justify;\">Por su parte el presidente italiano respondi\u00f3 expresando que \u201cen un per\u00edodo marcado por grandes incertidumbres y eventos dram\u00e1ticos, el \u00faltimo de los cuales ha golpeado tr\u00e1gicamente a la Iglesia cat\u00f3lica en Francia, su mensaje de esperanza y confianza es particularmente esperado\u201d. En su mensaje considera que Francisco lograr\u00e1 inspirar en los j\u00f3venes del mundo \u201cvalores de solidaridad y de paz, oponi\u00e9ndose a todas las expresiones de intolerancia, prepotencia y violencia\u201d.<\/p>\n<p style=\"text-align: justify;\">A su llegada a Polonia, en el aeropuerto internacional Juan Pablo II de Cracovia a las 15:50 hora local, recibi\u00f3 a bordo del avi\u00f3n el saludo del nuncio apost\u00f3lico. Al bajar la escalera del avi\u00f3n, le esperaban el presidente de la Rep\u00fablica Andrzej Duda y su esposa, junto al cardenal Stanislaw Dziwisz y a dos ni\u00f1os vestidos con trajes regionales.<\/p>\n<p style=\"text-align: justify;\">All\u00ed, la banda militar interpret\u00f3 el himno del Vaticano y el de Polonia. Despu\u00e9s de los honores militares, el Papa se dirige en coche hasta el Wawel, complejo arquitect\u00f3nico donde se encuentran el Castillo Real, la catedral y el vicariato.<\/p>\n<p>\u00a0Fuente: ZENIT 27 de julio<\/p>\n<!-- AddThis Advanced Settings generic via filter on the_content --><!-- AddThis Share Buttons generic via filter on the_content -->","protected":false},"excerpt":{"rendered":"<p>(ZENIT \u2013 Roma).- El vuelo Alitalia A321 que lleva al papa Francisco a Polonia para la Jornada Mundial de la Juventud, parti\u00f3 a las 14:05 [&hellip;]<!-- AddThis Advanced Settings generic via filter on get_the_excerpt --><!-- AddThis Share Buttons generic via filter on get_the_excerpt --><\/p>\n","protected":false},"author":2,"featured_media":12562,"comment_status":"open","ping_status":"open","sticky":false,"template":"","format":"standard","meta":{"footnotes":""},"categories":[161,1],"tags":[],"class_list":["post-12561","post","type-post","status-publish","format-standard","has-post-thumbnail","hentry","category-el-papa-leonxiv","category-noticiasdiocesanas"],"_links":{"self":[{"href":"https:\/\/obispadodezaratecampana.org\/index.php?rest_route=\/wp\/v2\/posts\/12561","targetHints":{"allow":["GET"]}}],"collection":[{"href":"https:\/\/obispadodezaratecampana.org\/index.php?rest_route=\/wp\/v2\/posts"}],"about":[{"href":"https:\/\/obispadodezaratecampana.org\/index.php?rest_route=\/wp\/v2\/types\/post"}],"author":[{"embeddable":true,"href":"https:\/\/obispadodezaratecampana.org\/index.php?rest_route=\/wp\/v2\/users\/2"}],"replies":[{"embeddable":true,"href":"https:\/\/obispadodezaratecampana.org\/index.php?rest_route=%2Fwp%2Fv2%2Fcomments&post=12561"}],"version-history":[{"count":1,"href":"https:\/\/obispadodezaratecampana.org\/index.php?rest_route=\/wp\/v2\/posts\/12561\/revisions"}],"predecessor-version":[{"id":12563,"href":"https:\/\/obispadodezaratecampana.org\/index.php?rest_route=\/wp\/v2\/posts\/12561\/revisions\/12563"}],"wp:featuredmedia":[{"embeddable":true,"href":"https:\/\/obispadodezaratecampana.org\/index.php?rest_route=\/wp\/v2\/media\/12562"}],"wp:attachment":[{"href":"https:\/\/obispadodezaratecampana.org\/index.php?rest_route=%2Fwp%2Fv2%2Fmedia&parent=12561"}],"wp:term":[{"taxonomy":"category","embeddable":true,"href":"https:\/\/obispadodezaratecampana.org\/index.php?rest_route=%2Fwp%2Fv2%2Fcategories&post=12561"},{"taxonomy":"post_tag","embeddable":true,"href":"https:\/\/obispadodezaratecampana.org\/index.php?rest_route=%2Fwp%2Fv2%2Ftags&post=12561"}],"curies":[{"name":"wp","href":"https:\/\/api.w.org\/{rel}","templated":true}]}}