{"id":12554,"date":"2016-07-27T14:50:35","date_gmt":"2016-07-27T17:50:35","guid":{"rendered":"http:\/\/obispadodezaratecampana.org\/?p=12554"},"modified":"2016-07-27T14:52:34","modified_gmt":"2016-07-27T17:52:34","slug":"29-de-julio-dia-mundial-contra-la-trata","status":"publish","type":"post","link":"https:\/\/obispadodezaratecampana.org\/?p=12554","title":{"rendered":"29 de julio: D\u00eda Mundial contra la trata"},"content":{"rendered":"<p style=\"text-align: center;\"><em><strong>&#8220;D\u00cdA MUNDIAL CONTRA LA TRATA&#8221;<\/strong><\/em><\/p>\n<p style=\"text-align: center;\"><em><strong>PROYECCI\u00d3N \/ DEBATE de dos cap\u00edtulos de la serie <\/strong><\/em><\/p>\n<p style=\"text-align: center;\"><em><strong>&#8220;Se Trata de Nosotros&#8221;<\/strong><\/em><\/p>\n<p style=\"text-align: center;\"><em><strong>El viernes 29 de julio a las 15.30 hs. invitamos a ver y debatir dos cap\u00edtulos de la serie &#8220;Se Trata de Nosotros&#8221;, de Sol Bonelli y Juan Manuel D\u00edaz, en adhesi\u00f3n al &#8220;D\u00eda Mundial Contra la Trata&#8221;, en el Auditorio Hugo del Carril, de UTHGRA,\u00a0 Av. de Mayo 930,\u00a0 Ciudad Aut\u00f3noma de Bs. As. La entrada es\u00a0 libre y gratuita.<\/strong><\/em><\/p>\n<p style=\"text-align: justify;\">En el a\u00f1o 2014 la ONU design\u00f3 como\u00a0 &#8220;<strong>D\u00eda Mundial Contra la Trata&#8221; el\u00a0 30 de julio<\/strong>. El Secretario General de Naciones Unidas,\u00a0 Ban Ki-Moon, en esa ocasi\u00f3n expres\u00f3 \u201cse promovi\u00f3 este d\u00eda como un llamamiento a la acci\u00f3n para poner fin a ese delito y dar esperanza a las v\u00edctimas que a menudo viven entre nosotros sin ser reconocidas\u201d.<\/p>\n<p style=\"text-align: justify;\">Seg\u00fan figura en la p\u00e1gina de la ONU &#8220;La trata de personas es un delito que explota a mujeres, ni\u00f1os y hombres con numerosos prop\u00f3sitos (\u2026). La Organizaci\u00f3n Internacional del Trabajo calcula que casi 21 millones de personas en el mundo son v\u00edctimas del trabajo forzoso. En esa cifra se incluye tambi\u00e9n a las v\u00edctimas de trata para la explotaci\u00f3n laboral y sexual. Si bien se desconoce cu\u00e1ntas de estas fueron objeto de trata, la cifra implica que en la actualidad hay millones de v\u00edctimas en el mundo. Todos los pa\u00edses est\u00e1n afectados por la trata, ya sea como pa\u00eds de origen, tr\u00e1nsito o destino de las v\u00edctimas. La esclavitud, tanto en su forma moderna como en la antigua, no es s\u00f3lo una verg\u00fcenza, sino que es \u00abla execrable suma de todas las villan\u00edas\u00bb, como la defini\u00f3 el abolicionista John Wesley, y no tiene cabida en nuestro mundo&#8221;<\/p>\n<p style=\"text-align: justify;\">La trata, tr\u00e1fico y explotaci\u00f3n de personas incluye diversos fines como laboral, sexual, extracci\u00f3n ileg\u00edtima de \u00f3rganos, venta de ni\u00f1os, entre otras.<\/p>\n<p style=\"text-align: justify;\">En el 2013 la Comisi\u00f3n Nacional de Justicia y Paz (Conferencia Episcopal Argentina) convoc\u00f3 a diversas instituciones que trabajan por la lucha contra la trata y explotaci\u00f3n de personas para formar\u00a0 un equipo en pos de aunar esfuerzos y trabajar en acciones coordinadas para poner en agenda esta grave problem\u00e1tica.\u00a0\u00a0 En este marco y <strong>&#8220;a fin de concientizar y visibilizar el flagelo de la Trata y Tr\u00e1fico de Personas<\/strong>&#8221; es que\u00a0 se\u00a0 proyectar\u00e1n y debatir\u00e1n dos cap\u00edtulos de la serie <strong>&#8220;Se Trata de Nosotros&#8221;,<\/strong> de Sol Bonelli y Juan Manuel D\u00edaz que abordan la problem\u00e1tica. La convocatoria es el viernes 29 de julio a las 15.30 Hs., en el Auditorio Hugo del Carril, UTHGRA,\u00a0 Av. de Mayo 930, Ciudad Aut\u00f3noma de Bs. As. La entrada es libre y gratuita.<\/p>\n<p style=\"text-align: justify;\"><strong>Integran el<\/strong> <strong>EQUIPO NO A LA TRATA<\/strong>: CNJP (Comisi\u00f3n Nacional de Justicia y Paz),\u00a0 ACA (Acci\u00f3n Cat\u00f3lica Argentina), Comisi\u00f3n Episcopal para las Migraciones y Turismo, Fundaci\u00f3n La Alameda, Liga de Madres de Familia, MIRA (Misiones Rurales Argentinas), Mujeres Bautistas, \u00a0Red Kawsay, UMOFC (Uni\u00f3n Mundial de las Organizaciones Femeninas Cat\u00f3licas), V\u00ednculos en Red, y Representantes de sectores pol\u00edticos.<\/p>\n<p style=\"text-align: justify;\">Auspicia: Uni\u00f3n de Trabajadores del Turismo y Gastron\u00f3micos de la Rep\u00fablica Argentina (UTHGRA).<\/p>\n<p style=\"text-align: justify;\">Adhieren: Comit\u00e9 Ejecutivo para la Lucha contra la Trata y Explotaci\u00f3n de Personas y para la Protecci\u00f3n y Asistencia a las V\u00edctimas \u00a0y Hermanas Oblatas\/Colegio Schontal<\/p>\n<p style=\"text-align: justify;\">Para mayor informaci\u00f3n comunicarse al siguiente correo electr\u00f3nico equiponoalatrata@gmail.com<\/p>\n<p><img fetchpriority=\"high\" decoding=\"async\" class=\"wp-image-12558 aligncenter\" src=\"http:\/\/obispadodezaratecampana.org\/wp-content\/uploads\/2016\/07\/trata-personas_entrega_facebook1-300x156.jpg\" alt=\"trata-personas_entrega_facebook\" width=\"388\" height=\"202\" srcset=\"https:\/\/obispadodezaratecampana.org\/wp-content\/uploads\/2016\/07\/trata-personas_entrega_facebook1-300x156.jpg 300w, https:\/\/obispadodezaratecampana.org\/wp-content\/uploads\/2016\/07\/trata-personas_entrega_facebook1-1024x535.jpg 1024w, https:\/\/obispadodezaratecampana.org\/wp-content\/uploads\/2016\/07\/trata-personas_entrega_facebook1-310x160.jpg 310w, https:\/\/obispadodezaratecampana.org\/wp-content\/uploads\/2016\/07\/trata-personas_entrega_facebook1.jpg 1200w\" sizes=\"(max-width: 388px) 100vw, 388px\" \/><\/p>\n<!-- AddThis Advanced Settings generic via filter on the_content --><!-- AddThis Share Buttons generic via filter on the_content -->","protected":false},"excerpt":{"rendered":"<p>&#8220;D\u00cdA MUNDIAL CONTRA LA TRATA&#8221; PROYECCI\u00d3N \/ DEBATE de dos cap\u00edtulos de la serie &#8220;Se Trata de Nosotros&#8221; El viernes 29 de julio a las [&hellip;]<!-- AddThis Advanced Settings generic via filter on get_the_excerpt --><!-- AddThis Share Buttons generic via filter on get_the_excerpt --><\/p>\n","protected":false},"author":2,"featured_media":12557,"comment_status":"open","ping_status":"open","sticky":false,"template":"","format":"standard","meta":{"footnotes":""},"categories":[5,1],"tags":[],"class_list":["post-12554","post","type-post","status-publish","format-standard","has-post-thumbnail","hentry","category-generales","category-noticiasdiocesanas"],"_links":{"self":[{"href":"https:\/\/obispadodezaratecampana.org\/index.php?rest_route=\/wp\/v2\/posts\/12554","targetHints":{"allow":["GET"]}}],"collection":[{"href":"https:\/\/obispadodezaratecampana.org\/index.php?rest_route=\/wp\/v2\/posts"}],"about":[{"href":"https:\/\/obispadodezaratecampana.org\/index.php?rest_route=\/wp\/v2\/types\/post"}],"author":[{"embeddable":true,"href":"https:\/\/obispadodezaratecampana.org\/index.php?rest_route=\/wp\/v2\/users\/2"}],"replies":[{"embeddable":true,"href":"https:\/\/obispadodezaratecampana.org\/index.php?rest_route=%2Fwp%2Fv2%2Fcomments&post=12554"}],"version-history":[{"count":1,"href":"https:\/\/obispadodezaratecampana.org\/index.php?rest_route=\/wp\/v2\/posts\/12554\/revisions"}],"predecessor-version":[{"id":12559,"href":"https:\/\/obispadodezaratecampana.org\/index.php?rest_route=\/wp\/v2\/posts\/12554\/revisions\/12559"}],"wp:featuredmedia":[{"embeddable":true,"href":"https:\/\/obispadodezaratecampana.org\/index.php?rest_route=\/wp\/v2\/media\/12557"}],"wp:attachment":[{"href":"https:\/\/obispadodezaratecampana.org\/index.php?rest_route=%2Fwp%2Fv2%2Fmedia&parent=12554"}],"wp:term":[{"taxonomy":"category","embeddable":true,"href":"https:\/\/obispadodezaratecampana.org\/index.php?rest_route=%2Fwp%2Fv2%2Fcategories&post=12554"},{"taxonomy":"post_tag","embeddable":true,"href":"https:\/\/obispadodezaratecampana.org\/index.php?rest_route=%2Fwp%2Fv2%2Ftags&post=12554"}],"curies":[{"name":"wp","href":"https:\/\/api.w.org\/{rel}","templated":true}]}}