{"id":12500,"date":"2016-07-22T14:41:04","date_gmt":"2016-07-22T17:41:04","guid":{"rendered":"http:\/\/obispadodezaratecampana.org\/?p=12500"},"modified":"2016-07-22T14:54:20","modified_gmt":"2016-07-22T17:54:20","slug":"domingo-24-de-julio-fiesta-de-santa-brigida-en-maquinista-savio","status":"publish","type":"post","link":"https:\/\/obispadodezaratecampana.org\/?p=12500","title":{"rendered":"23 y 24 de julio: Festejos de Santa Br\u00edgida en Maquinista Savio"},"content":{"rendered":"<p><strong>Fiesta de Santa Br\u00edgida de Suecia<\/strong><\/p>\n<p>La \u00a0Santa Misa en Catedral Santa Florentina (Campana) ser\u00e1 a las 08:00 hs del s\u00e1bado 23, con veneraci\u00f3n de su reliquia.<\/p>\n<p>En el Barrio Santa Br\u00edgida (Maquinista Savio) en el Hogar de Lourdes dirigido por Hna. Laurentina &#8211; vicepresidente honoraria de la Comisi\u00f3n Diocesana de Ecumenismo &#8211; se llevar\u00e1 a cabo la procesi\u00f3n y Misa presidida por el Obispo: el domingo 24 a las 16 horas.<\/p>\n<p><img fetchpriority=\"high\" decoding=\"async\" class=\" wp-image-12501 aligncenter\" src=\"http:\/\/obispadodezaratecampana.org\/wp-content\/uploads\/2016\/07\/13769418_1635173886798967_8630741998409716438_n-300x202.jpg\" alt=\"13769418_1635173886798967_8630741998409716438_n\" width=\"443\" height=\"285\" \/><\/p>\n<p><img decoding=\"async\" class=\"size-medium wp-image-12504 aligncenter\" src=\"http:\/\/obispadodezaratecampana.org\/wp-content\/uploads\/2016\/07\/11738129_853308898076797_7069082932478456481_n-300x224.jpg\" alt=\"11738129_853308898076797_7069082932478456481_n\" width=\"300\" height=\"224\" srcset=\"https:\/\/obispadodezaratecampana.org\/wp-content\/uploads\/2016\/07\/11738129_853308898076797_7069082932478456481_n-300x224.jpg 300w, https:\/\/obispadodezaratecampana.org\/wp-content\/uploads\/2016\/07\/11738129_853308898076797_7069082932478456481_n.jpg 400w\" sizes=\"(max-width: 300px) 100vw, 300px\" \/><\/p>\n<!-- AddThis Advanced Settings generic via filter on the_content --><!-- AddThis Share Buttons generic via filter on the_content -->","protected":false},"excerpt":{"rendered":"<p>Fiesta de Santa Br\u00edgida de Suecia La \u00a0Santa Misa en Catedral Santa Florentina (Campana) ser\u00e1 a las 08:00 hs del s\u00e1bado 23, con veneraci\u00f3n de [&hellip;]<!-- AddThis Advanced Settings generic via filter on get_the_excerpt --><!-- AddThis Share Buttons generic via filter on get_the_excerpt --><\/p>\n","protected":false},"author":2,"featured_media":12505,"comment_status":"open","ping_status":"open","sticky":false,"template":"","format":"standard","meta":{"footnotes":""},"categories":[3],"tags":[],"class_list":["post-12500","post","type-post","status-publish","format-standard","has-post-thumbnail","hentry","category-noticiasparroquiales"],"_links":{"self":[{"href":"https:\/\/obispadodezaratecampana.org\/index.php?rest_route=\/wp\/v2\/posts\/12500","targetHints":{"allow":["GET"]}}],"collection":[{"href":"https:\/\/obispadodezaratecampana.org\/index.php?rest_route=\/wp\/v2\/posts"}],"about":[{"href":"https:\/\/obispadodezaratecampana.org\/index.php?rest_route=\/wp\/v2\/types\/post"}],"author":[{"embeddable":true,"href":"https:\/\/obispadodezaratecampana.org\/index.php?rest_route=\/wp\/v2\/users\/2"}],"replies":[{"embeddable":true,"href":"https:\/\/obispadodezaratecampana.org\/index.php?rest_route=%2Fwp%2Fv2%2Fcomments&post=12500"}],"version-history":[{"count":3,"href":"https:\/\/obispadodezaratecampana.org\/index.php?rest_route=\/wp\/v2\/posts\/12500\/revisions"}],"predecessor-version":[{"id":12506,"href":"https:\/\/obispadodezaratecampana.org\/index.php?rest_route=\/wp\/v2\/posts\/12500\/revisions\/12506"}],"wp:featuredmedia":[{"embeddable":true,"href":"https:\/\/obispadodezaratecampana.org\/index.php?rest_route=\/wp\/v2\/media\/12505"}],"wp:attachment":[{"href":"https:\/\/obispadodezaratecampana.org\/index.php?rest_route=%2Fwp%2Fv2%2Fmedia&parent=12500"}],"wp:term":[{"taxonomy":"category","embeddable":true,"href":"https:\/\/obispadodezaratecampana.org\/index.php?rest_route=%2Fwp%2Fv2%2Fcategories&post=12500"},{"taxonomy":"post_tag","embeddable":true,"href":"https:\/\/obispadodezaratecampana.org\/index.php?rest_route=%2Fwp%2Fv2%2Ftags&post=12500"}],"curies":[{"name":"wp","href":"https:\/\/api.w.org\/{rel}","templated":true}]}}