{"id":12484,"date":"2016-07-21T09:57:09","date_gmt":"2016-07-21T12:57:09","guid":{"rendered":"http:\/\/obispadodezaratecampana.org\/?p=12484"},"modified":"2016-07-21T09:57:09","modified_gmt":"2016-07-21T12:57:09","slug":"programa-del-viaje-apostolico-del-santo-padre-francisco-a-polonia-31a-jornada-mundial-de-la-juventud-27-al-31-de-julio","status":"publish","type":"post","link":"https:\/\/obispadodezaratecampana.org\/?p=12484","title":{"rendered":"Programa del Viaje Apost\u00f3lico del Santo Padre Francisco a Polonia .31\u00aa Jornada Mundial de la Juventud &#8211; 27 al 31 de julio."},"content":{"rendered":"<p style=\"color: #343434; text-align: justify;\"><span style=\"font-weight: inherit; font-style: inherit;\">(RV).- El P. Federico Lombardi, Director de la Oficina de Prensa de la Santa Sede, present\u00f3 a los periodistas el programa del Viaje Apost\u00f3lico del Santo Padre Francisco a Polonia\u00a0 con ocasi\u00f3n de la 31\u00aa Jornada Mundial de la Juventud, que se celebrar\u00e1 del 27 al 31 de julio.<\/span><\/p>\n<p style=\"color: #343434; text-align: justify;\"><span style=\"font-weight: inherit; font-style: inherit;\">En cuanto al programa de las actividades que el Pont\u00edfice realizar\u00e1 en Polonia, destacamos:<\/span><\/p>\n<p style=\"color: #343434; text-align: justify;\"><span style=\"font-weight: inherit; font-style: inherit;\">El mi\u00e9rcoles 27 de julio el Pont\u00edfice llegar\u00e1 alrededor de las 16:00 al Aeropuerto Internacional Juan Pablo II Cracovia \u2013 Balice donde tendr\u00e1 lugar la ceremonia de bienvenida.<\/span><\/p>\n<p style=\"color: #343434; text-align: justify;\"><span style=\"font-weight: inherit; font-style: inherit;\">Una hora m\u00e1s tarde (a las 17:00) est\u00e1 prevista la llegada del Pont\u00edfice al Castillo Real de Wawel donde mantendr\u00e1 un encuentro con las autoridades y el cuerpo diplom\u00e1tico. A continuaci\u00f3n, y tras su visita de Cortes\u00eda al Presidente de la Rep\u00fablica de Polonia, el Santo Padre celebrar\u00e1 un encuentro con los obispos de esta naci\u00f3n en la Catedral de Wawel (a las 18:30). En este lugar tendr\u00e1 lugar la oraci\u00f3n silenciosa ante la tumba de San Estanislao donde tambi\u00e9n se encuentran las reliquias de san Juan Pablo II, el Papa venerar\u00e1 el Sant\u00edsimo Sacramento en la capilla que se encuentra detr\u00e1s del altar y dirigir\u00e1 un discurso. Mientras al atardecer, en la Residencia de los Obispos de Cracovia y despu\u00e9s de la cena, el Santo Padre se asomar\u00e1 a la Ventana Papal para saludar a la multitud reunida en la plaza que se encuentra frente al edificio.<\/span><\/p>\n<p style=\"color: #343434; text-align: justify;\"><span style=\"font-weight: inherit; font-style: inherit;\">El jueves 28 de julio por la ma\u00f1ana el Papa se trasladar\u00e1 a Balice, con una parada en el Convento de las Hermanas de la Presentaci\u00f3n. Las religiosas de esta comunidad, junto con algunos estudiantes, lo esperar\u00e1n en la entrada de la Capilla de San Juan Bautista y San Juan Ap\u00f3stol donde realizar\u00e1n una oraci\u00f3n comunitaria.<\/span><\/p>\n<p style=\"color: #343434; text-align: justify;\"><span style=\"font-weight: inherit; font-style: inherit;\">A continuaci\u00f3n, el Pont\u00edfice se trasladar\u00e1 en helic\u00f3ptero a Cz\u0119stochowa, para llegar alrededor de las 9:45 am al Monasterio de Jasna G\u00f3ra, donde rezar\u00e1 en la Capilla de la Imagen Milagrosa de la Virgen Negra antes de presidir (a las 10:30) la Santa Misa en el marco de la Celebraci\u00f3n de los 1.050 a\u00f1os del Bautismo de Polonia.<\/span><\/p>\n<p style=\"color: #343434; text-align: justify;\"><span style=\"font-weight: inherit; font-style: inherit;\">Esta Misa es un evento de importancia nacional, que se coloca en el marco del Jubileo del Bautismo de Polonia. El \u00e1rea del Santuario puede albergar a unos 300 mil fieles, donde los Obispos y muchos sacerdotes polacos concelebrar\u00e1n, y a la que asistir\u00e1n el Presidente de la Rep\u00fablica y las m\u00e1s altas autoridades del pa\u00eds.<\/span><\/p>\n<p style=\"color: #343434; text-align: justify;\"><span style=\"font-weight: inherit; font-style: inherit;\">A las 17:00 en la plaza frente a la sede del Arzobispado, el Presidente de Cracovia entregar\u00e1 las llaves de la ciudad al Santo Padre. Luego, el Papa viajar\u00e1 en tranv\u00eda hacia Parque B\u0142onia con un grupo de j\u00f3venes discapacitados. A su llegada Francisco se trasladar\u00e1 entre los fieles en Papam\u00f3vil, donde se espera la presencia de unos 600.000 j\u00f3venes. A las 17:30 tendr\u00e1 lugar la ceremonia de acogida. Despu\u00e9s de la cena, el Santo Padre se asomar\u00e1 a la Ventana Papal para saludar a la multitud reunida en la plaza frente a la Residencia de los Obispos de Cracovia.<\/span><\/p>\n<p style=\"color: #343434; text-align: justify;\"><span style=\"font-weight: inherit; font-style: inherit;\">El viernes 29 de julio el Papa celebrar\u00e1 la Misa a las 7:00 de modo privado en la Capilla de la residencia de los Obispos en Cracovia. A continuaci\u00f3n se trasladar\u00e1 en helic\u00f3ptero a Oswi\u0119cim. A las 9:30 visitar\u00e1 el campo de concentraci\u00f3n de Auschwitz, en el a\u00f1o en que se cumple el 75\u00ba aniversario del martirio de San Maximiliano Kolbe. Francisco traspasar\u00e1 solo la puerta de entrada y en la entrada de la barraca 11. El Santo Padre se encontrar\u00e1 personalmente con quince supervivientes. A lo que seguir\u00e1 la oraci\u00f3n privada en la celda del martirio del Padre Kolbe. Y a las 10:30 visitar\u00e1 el campo de Birkenau.<\/span><\/p>\n<p style=\"color: #343434; text-align: justify;\"><span style=\"font-weight: inherit; font-style: inherit;\">Ese mismo d\u00eda a las 16:30 se trasladar\u00e1 a Prokocim donde visitar\u00e1 el Hospital Pedi\u00e1trico Universitario, uno de los m\u00e1s importantes de Polonia, donde se atiende a 30.000 pacientes internados y 200.000 ni\u00f1os con tratamiento ambulatorios por a\u00f1o. Unos 50 ni\u00f1os se encontrar\u00e1n reunidos en la sala de recepci\u00f3n del hospital junto con sus padres, donde el Santo Padre pronunciar\u00e1 un discurso. Tambi\u00e9n realizar\u00e1 una visita privada a algunas \u00e1reas de la guardia de emergencia en la planta baja, acompa\u00f1ado por el Director y los padres de algunos ni\u00f1os y rezar\u00e1 en la capilla del hospital.<\/span><\/p>\n<p style=\"color: #343434; text-align: justify;\"><span style=\"font-weight: inherit; font-style: inherit;\">A las 18:00 el Pont\u00edfice realizar\u00e1 el V\u00eda Crucis con los j\u00f3venes en el Parque B\u0142onia. Una vez concluida esta piadosa pr\u00e1ctica el Santo Padre dirigir\u00e1 unas palabras a los fieles. Tambi\u00e9n en esta ocasi\u00f3n, despu\u00e9s de la cena, el Obispo de Roma se asomar\u00e1 a la Ventana Papal para saludar a la multitud reunida en la plaza frente a la Residencia de los Obispos de Cracovia.<\/span><\/p>\n<p style=\"color: #343434; text-align: justify;\"><span style=\"font-weight: inherit; font-style: inherit;\">El s\u00e1bado 30 de julio a las 8:30 el Pont\u00edfice realizar\u00e1 una visita al Santuario de la Divina Misericordia en \u0141agiewniki.<\/span><\/p>\n<p style=\"color: #343434; text-align: justify;\"><span style=\"font-weight: inherit; font-style: inherit;\">A las 9:00 el Papa entrar\u00e1 en el Santuario a trav\u00e9s de la Puerta Santa de la Misericordia.\u00a0 A continuaci\u00f3n tendr\u00e1 lugar la Liturgia de la Reconciliaci\u00f3n en la que participar\u00e1n los j\u00f3venes. El Santo Padre confesar\u00e1 a cinco j\u00f3venes en italiano, espa\u00f1ol y franc\u00e9s. El Papa Francisco, recordamos, es el tercer Papa, luego de san Juan Pablo II y Benedicto XVI, que visitar\u00e1 el Santuario de la Divina Misericordia, pero el primero que confesar\u00e1 all\u00ed.<\/span><\/p>\n<p style=\"color: #343434; text-align: justify;\"><span style=\"font-weight: inherit; font-style: inherit;\">A las 10:30 tendr\u00e1 lugar la celebraci\u00f3n de la Santa Misa en el Santuario Juan Pablo II en la que participar\u00e1n numerosos sacerdotes, consagrados y seminaristas de Polonia. Se ha previsto la presencia en el Santuario de unas 2.000 personas, adem\u00e1s de la participaci\u00f3n de 5.000 en la Misa, reunidas delante del templo.<\/span><\/p>\n<p style=\"color: #343434; text-align: justify;\"><span style=\"font-weight: inherit; font-style: inherit;\">A las 13:00 el Santo Padre almorzar\u00e1 con el Arzobispo de Cracovia con un traductor y doce j\u00f3venes representantes de diferentes pa\u00edses: una chica y un chico de cada continente y un chico y una chica de Polonia.<\/span><\/p>\n<p style=\"color: #343434; text-align: justify;\"><span style=\"font-weight: inherit; font-style: inherit;\">A las 19:00 el Papa llegar\u00e1 al\u00a0<\/span><em style=\"font-weight: inherit; font-style: inherit;\">Campus Misericordiae.\u00a0<\/em><span style=\"font-weight: inherit; font-style: inherit;\">Tras el pasaje de la Puerta de la Misericordia junto con cinco representantes de la juventud, tendr\u00e1 lugar la Vigilia de oraci\u00f3n con los j\u00f3venes de todo el mundo.<\/span><\/p>\n<p style=\"color: #343434; text-align: justify;\"><span style=\"font-weight: inherit; font-style: inherit;\">El domingo 31 de julio Francisco regresar\u00e1 al\u00a0<\/span><em style=\"font-weight: inherit; font-style: inherit;\">Campus Misericordiae<\/em><span style=\"font-weight: inherit; font-style: inherit;\">\u00a0donde proceder\u00e1 a la bendici\u00f3n de los dos edificios de C\u00e1ritas: La Casa de la Misericordia para pobres y ancianos y la Casa del Pan, que corresponde a un almac\u00e9n de alimentos para los m\u00e1s necesitados.<\/span><\/p>\n<p style=\"color: #343434; text-align: justify;\"><span style=\"font-weight: inherit; font-style: inherit;\">Tras hacer su recorrido entre los miles de j\u00f3venes a las 10:00 comenzar\u00e1 la celebraci\u00f3n de la Misa conclusiva de la Jornada Mundial de la Juventud. Tambi\u00e9n proceder\u00e1 al env\u00edo de los j\u00f3venes como testigos de la Divina Misericordia y anunciar\u00e1 el lugar en el que se llevar\u00e1 a cabo la pr\u00f3xima.<\/span><\/p>\n<p style=\"color: #343434; text-align: justify;\"><span style=\"font-weight: inherit; font-style: inherit;\">A las 17:00 Francisco llegar\u00e1 a la Arena Tauron donde se encontrar\u00e1 con los voluntarios de la JMJ y del Comit\u00e9 Organizador Local junto a los patrocinadores, a quienes les dirigir\u00e1 un discurso.<\/span><\/p>\n<p style=\"color: #343434; text-align: justify;\"><span style=\"font-weight: inherit; font-style: inherit;\">A las 18:15 tendr\u00e1 lugar la ceremonia de despedida en el aeropuerto de Cracovia Balice.<\/span><\/p>\n<p style=\"color: #343434; text-align: justify;\"><span style=\"font-weight: inherit; font-style: inherit;\">A las 20:25 est\u00e1 prevista la llegada del Papa Francisco al aeropuerto romano de Ciampino.<\/span><\/p>\n<p style=\"color: #343434; text-align: justify;\"><span style=\"font-weight: inherit; font-style: inherit;\">(Mar\u00eda Fernanda Bernasconi &#8211; RV).\u00a0<\/span><\/p>\n<p style=\"text-align: justify;\"><a style=\"color: #343434;\" href=\"http:\/\/es.radiovaticana.va\/news\/2016\/07\/20\/programa_de_las_actividades_que_el_papa_realizar%C3%A1_en_polonia\/1245491\">(from Vatican Radio)<\/a>\u00a020 de julio<\/p>\n<!-- AddThis Advanced Settings generic via filter on the_content --><!-- AddThis Share Buttons generic via filter on the_content -->","protected":false},"excerpt":{"rendered":"<p>(RV).- El P. Federico Lombardi, Director de la Oficina de Prensa de la Santa Sede, present\u00f3 a los periodistas el programa del Viaje Apost\u00f3lico del [&hellip;]<!-- AddThis Advanced Settings generic via filter on get_the_excerpt --><!-- AddThis Share Buttons generic via filter on get_the_excerpt --><\/p>\n","protected":false},"author":2,"featured_media":12485,"comment_status":"open","ping_status":"open","sticky":false,"template":"","format":"standard","meta":{"footnotes":""},"categories":[161,1],"tags":[],"class_list":["post-12484","post","type-post","status-publish","format-standard","has-post-thumbnail","hentry","category-el-papa-leonxiv","category-noticiasdiocesanas"],"_links":{"self":[{"href":"https:\/\/obispadodezaratecampana.org\/index.php?rest_route=\/wp\/v2\/posts\/12484","targetHints":{"allow":["GET"]}}],"collection":[{"href":"https:\/\/obispadodezaratecampana.org\/index.php?rest_route=\/wp\/v2\/posts"}],"about":[{"href":"https:\/\/obispadodezaratecampana.org\/index.php?rest_route=\/wp\/v2\/types\/post"}],"author":[{"embeddable":true,"href":"https:\/\/obispadodezaratecampana.org\/index.php?rest_route=\/wp\/v2\/users\/2"}],"replies":[{"embeddable":true,"href":"https:\/\/obispadodezaratecampana.org\/index.php?rest_route=%2Fwp%2Fv2%2Fcomments&post=12484"}],"version-history":[{"count":1,"href":"https:\/\/obispadodezaratecampana.org\/index.php?rest_route=\/wp\/v2\/posts\/12484\/revisions"}],"predecessor-version":[{"id":12486,"href":"https:\/\/obispadodezaratecampana.org\/index.php?rest_route=\/wp\/v2\/posts\/12484\/revisions\/12486"}],"wp:featuredmedia":[{"embeddable":true,"href":"https:\/\/obispadodezaratecampana.org\/index.php?rest_route=\/wp\/v2\/media\/12485"}],"wp:attachment":[{"href":"https:\/\/obispadodezaratecampana.org\/index.php?rest_route=%2Fwp%2Fv2%2Fmedia&parent=12484"}],"wp:term":[{"taxonomy":"category","embeddable":true,"href":"https:\/\/obispadodezaratecampana.org\/index.php?rest_route=%2Fwp%2Fv2%2Fcategories&post=12484"},{"taxonomy":"post_tag","embeddable":true,"href":"https:\/\/obispadodezaratecampana.org\/index.php?rest_route=%2Fwp%2Fv2%2Ftags&post=12484"}],"curies":[{"name":"wp","href":"https:\/\/api.w.org\/{rel}","templated":true}]}}