{"id":12474,"date":"2016-07-18T23:40:17","date_gmt":"2016-07-19T02:40:17","guid":{"rendered":"http:\/\/obispadodezaratecampana.org\/?p=12474"},"modified":"2016-07-18T23:40:17","modified_gmt":"2016-07-19T02:40:17","slug":"30-de-julio-vigilia-en-pilar-y-campana-por-la-jmj-cracovia-2016","status":"publish","type":"post","link":"https:\/\/obispadodezaratecampana.org\/?p=12474","title":{"rendered":"30 de julio: Vigilia en Pilar y Campana por la JMJ Cracovia 2016"},"content":{"rendered":"<h3><span style=\"color: rgb(0, 128, 128);\">Invitaci\u00f3n de la Pastoral Juvenil y Vocacional de la di\u00f3cesis de Z\u00e1rate-Campana para el pr\u00f3ximo 30 de julio:<\/span><\/h3>\n<h3 style=\"text-align: center;\"><span id=\"fbPhotoSnowliftCaption\" class=\"fbPhotosPhotoCaption\" style=\"color: rgb(255, 0, 0);\" tabindex=\"0\" data-ft=\"{&quot;tn&quot;:&quot;K&quot;}\"><span class=\"hasCaption\">\u00a1J\u00f3venes de Z\u00e1rate-Campana! \u00a1ATENCI\u00d3N! \u00bfQuer\u00e9s compartir en vivo la\u00a0<a class=\"_58cn\" style=\"color: #365899;\" href=\"https:\/\/www.facebook.com\/hashtag\/vigiliajmj\" data-ft=\"{&quot;tn&quot;:&quot;*N&quot;,&quot;type&quot;:104}\"><span style=\"color: rgb(255, 0, 0);\">#VigiliaJMJ<\/span><\/a>\u00a0con el Papa\u00a0<a class=\"_58cn\" style=\"color: #365899;\" href=\"https:\/\/www.facebook.com\/hashtag\/francisco\" data-ft=\"{&quot;tn&quot;:&quot;*N&quot;,&quot;type&quot;:104}\"><span style=\"color: rgb(255, 0, 0);\">#Francisco<\/span><\/a>\u00a0y los j\u00f3venes del Mundo?<\/p>\n<p>Te esperamos en Campana o en Pilar para unirnos como Iglesia Diocesana Joven.<\/p>\n<p>En los pr\u00f3ximos d\u00edas compartiremos detalles.<\/p>\n<p>No te lo pierdas, el Santo Padre quiere orar y adorar al Sant\u00edsimo con nosotros&#8230;\u00a0<a class=\"_58cn\" style=\"color: #365899;\" href=\"https:\/\/www.facebook.com\/hashtag\/jmj\" data-ft=\"{&quot;tn&quot;:&quot;*N&quot;,&quot;type&quot;:104}\"><span style=\"color: rgb(255, 0, 0);\">#JMJ<\/span><\/a><a class=\"_58cn\" style=\"color: #365899;\" href=\"https:\/\/www.facebook.com\/hashtag\/j%C3%B3veneszc\" data-ft=\"{&quot;tn&quot;:&quot;*N&quot;,&quot;type&quot;:104}\"><span style=\"color: rgb(255, 0, 0);\">#J\u00f3venesZC<\/span><\/a>\u00a0<a class=\"_58cn\" style=\"color: #365899;\" href=\"https:\/\/www.facebook.com\/hashtag\/bienaventuradoslosmisericordiosos\" data-ft=\"{&quot;tn&quot;:&quot;*N&quot;,&quot;type&quot;:104}\"><span style=\"color: rgb(255, 0, 0);\">#BienaventuradosLosMiseric<wbr \/>ordiosos<\/span><\/a><a class=\"_58cn\" style=\"color: #365899;\" href=\"https:\/\/www.facebook.com\/hashtag\/vigilia\" data-ft=\"{&quot;tn&quot;:&quot;*N&quot;,&quot;type&quot;:104}\"><span style=\"color: rgb(255, 0, 0);\">#Vigilia<\/span><\/a>\u00a0<a class=\"_58cn\" style=\"color: #365899;\" href=\"https:\/\/www.facebook.com\/hashtag\/30julio\" data-ft=\"{&quot;tn&quot;:&quot;*N&quot;,&quot;type&quot;:104}\"><span style=\"color: rgb(255, 0, 0);\">#30Julio<\/span><\/a><\/span><\/span><\/h3>\n<p><img fetchpriority=\"high\" decoding=\"async\" class=\" wp-image-12475 alignleft\" src=\"http:\/\/obispadodezaratecampana.org\/wp-content\/uploads\/2016\/07\/13717307_487722648092131_1304515612741645339_o-300x211.jpg\" alt=\"13717307_487722648092131_1304515612741645339_o\" width=\"397\" height=\"314\" \/><\/p>\n<p>&nbsp;<\/p>\n<p style=\"text-align: center;\"><span style=\"color: rgb(128, 128, 0);\">Mons. Pedro y el Padre Agust\u00edn con algunos de los j\u00f3venes de la di\u00f3cesis que participar\u00e1n de la JMJ, al concluir la misa de env\u00edo el domingo 26 de junio en la Catedral Santa Florentina\u00a0<\/span><\/p>\n<p style=\"text-align: center;\"><span style=\"color: rgb(128, 128, 0);\">\u00a0<\/span><img decoding=\"async\" class=\"wp-image-12476 aligncenter\" src=\"http:\/\/obispadodezaratecampana.org\/wp-content\/uploads\/2016\/07\/13482799_481096808754715_9089798398508061417_o-300x225.jpg\" alt=\"13482799_481096808754715_9089798398508061417_o\" width=\"336\" height=\"252\" srcset=\"https:\/\/obispadodezaratecampana.org\/wp-content\/uploads\/2016\/07\/13482799_481096808754715_9089798398508061417_o-300x225.jpg 300w, https:\/\/obispadodezaratecampana.org\/wp-content\/uploads\/2016\/07\/13482799_481096808754715_9089798398508061417_o-1024x768.jpg 1024w, https:\/\/obispadodezaratecampana.org\/wp-content\/uploads\/2016\/07\/13482799_481096808754715_9089798398508061417_o.jpg 1152w\" sizes=\"(max-width: 336px) 100vw, 336px\" \/><\/p>\n<p style=\"text-align: center;\"><a href=\"http:\/\/obispadodezaratecampana.org\/wp-content\/uploads\/2016\/07\/13652892_10157086178180043_3082921963135812388_o.jpg\"><img decoding=\"async\" class=\"alignnone size-medium wp-image-12477\" src=\"http:\/\/obispadodezaratecampana.org\/wp-content\/uploads\/2016\/07\/13652892_10157086178180043_3082921963135812388_o-300x300.jpg\" alt=\"13652892_10157086178180043_3082921963135812388_o\" width=\"300\" height=\"300\" srcset=\"https:\/\/obispadodezaratecampana.org\/wp-content\/uploads\/2016\/07\/13652892_10157086178180043_3082921963135812388_o-300x300.jpg 300w, https:\/\/obispadodezaratecampana.org\/wp-content\/uploads\/2016\/07\/13652892_10157086178180043_3082921963135812388_o-150x150.jpg 150w, https:\/\/obispadodezaratecampana.org\/wp-content\/uploads\/2016\/07\/13652892_10157086178180043_3082921963135812388_o-1024x1024.jpg 1024w, https:\/\/obispadodezaratecampana.org\/wp-content\/uploads\/2016\/07\/13652892_10157086178180043_3082921963135812388_o.jpg 1500w\" sizes=\"(max-width: 300px) 100vw, 300px\" \/><\/a><\/p>\n<p>&nbsp;<\/p>\n<p>&nbsp;<\/p>\n<p>&nbsp;<\/p>\n<p>&nbsp;<\/p>\n<p>&nbsp;<\/p>\n<!-- AddThis Advanced Settings generic via filter on the_content --><!-- AddThis Share Buttons generic via filter on the_content -->","protected":false},"excerpt":{"rendered":"<p>Invitaci\u00f3n de la Pastoral Juvenil y Vocacional de la di\u00f3cesis de Z\u00e1rate-Campana para el pr\u00f3ximo 30 de julio: \u00a1J\u00f3venes de Z\u00e1rate-Campana! \u00a1ATENCI\u00d3N! \u00bfQuer\u00e9s compartir en [&hellip;]<!-- AddThis Advanced Settings generic via filter on get_the_excerpt --><!-- AddThis Share Buttons generic via filter on get_the_excerpt --><\/p>\n","protected":false},"author":2,"featured_media":12475,"comment_status":"open","ping_status":"open","sticky":false,"template":"","format":"standard","meta":{"footnotes":""},"categories":[1],"tags":[],"class_list":["post-12474","post","type-post","status-publish","format-standard","has-post-thumbnail","hentry","category-noticiasdiocesanas"],"_links":{"self":[{"href":"https:\/\/obispadodezaratecampana.org\/index.php?rest_route=\/wp\/v2\/posts\/12474","targetHints":{"allow":["GET"]}}],"collection":[{"href":"https:\/\/obispadodezaratecampana.org\/index.php?rest_route=\/wp\/v2\/posts"}],"about":[{"href":"https:\/\/obispadodezaratecampana.org\/index.php?rest_route=\/wp\/v2\/types\/post"}],"author":[{"embeddable":true,"href":"https:\/\/obispadodezaratecampana.org\/index.php?rest_route=\/wp\/v2\/users\/2"}],"replies":[{"embeddable":true,"href":"https:\/\/obispadodezaratecampana.org\/index.php?rest_route=%2Fwp%2Fv2%2Fcomments&post=12474"}],"version-history":[{"count":1,"href":"https:\/\/obispadodezaratecampana.org\/index.php?rest_route=\/wp\/v2\/posts\/12474\/revisions"}],"predecessor-version":[{"id":12478,"href":"https:\/\/obispadodezaratecampana.org\/index.php?rest_route=\/wp\/v2\/posts\/12474\/revisions\/12478"}],"wp:featuredmedia":[{"embeddable":true,"href":"https:\/\/obispadodezaratecampana.org\/index.php?rest_route=\/wp\/v2\/media\/12475"}],"wp:attachment":[{"href":"https:\/\/obispadodezaratecampana.org\/index.php?rest_route=%2Fwp%2Fv2%2Fmedia&parent=12474"}],"wp:term":[{"taxonomy":"category","embeddable":true,"href":"https:\/\/obispadodezaratecampana.org\/index.php?rest_route=%2Fwp%2Fv2%2Fcategories&post=12474"},{"taxonomy":"post_tag","embeddable":true,"href":"https:\/\/obispadodezaratecampana.org\/index.php?rest_route=%2Fwp%2Fv2%2Ftags&post=12474"}],"curies":[{"name":"wp","href":"https:\/\/api.w.org\/{rel}","templated":true}]}}