{"id":12470,"date":"2016-07-18T13:48:02","date_gmt":"2016-07-18T16:48:02","guid":{"rendered":"http:\/\/obispadodezaratecampana.org\/?p=12470"},"modified":"2016-07-18T13:48:52","modified_gmt":"2016-07-18T16:48:52","slug":"nuevo-director-y-vice-directora-de-la-sala-de-prensa-de-la-santa-sede","status":"publish","type":"post","link":"https:\/\/obispadodezaratecampana.org\/?p=12470","title":{"rendered":"Nuevo Director y Vice- Directora de la Sala de Prensa de la Santa Sede"},"content":{"rendered":"<p style=\"text-align: justify;\">NUEVO DIRECTOR Y VICE-DIRECTORA DE LA SALA DE PRENSA DE LA SANTA SEDE<\/p>\n<p style=\"text-align: justify;\">La Sala Stampa de la Santa Sede tiene nuevo director y vice-directora. Son el Lic. Gred Burke y la Lic. Paloma Garc\u00eda Ovejero. Fueron recibidos por el Papa quien los design\u00f3 al aceptar la renuncia del Padre Federico Lombardi. Desde la Comisi\u00f3n Episcopal deseamos una fecunda tarea al servicio de la Iglesia a los dos reconocidos periodistas. Y nos sumamos a la gratitud al querido Padre Federico por su generosa y fruct\u00edfera tarea.<\/p>\n<p style=\"text-align: justify;\">Fuente: Comisi\u00f3n Episcopal de Comunicaci\u00f3n Social. CEA<\/p>\n<p><img fetchpriority=\"high\" decoding=\"async\" class=\"size-medium wp-image-12471 aligncenter\" src=\"http:\/\/obispadodezaratecampana.org\/wp-content\/uploads\/2016\/07\/nuevos-257x300.jpg\" alt=\"nuevos\" width=\"257\" height=\"300\" srcset=\"https:\/\/obispadodezaratecampana.org\/wp-content\/uploads\/2016\/07\/nuevos-257x300.jpg 257w, https:\/\/obispadodezaratecampana.org\/wp-content\/uploads\/2016\/07\/nuevos.jpg 825w\" sizes=\"(max-width: 257px) 100vw, 257px\" \/><\/p>\n<!-- AddThis Advanced Settings generic via filter on the_content --><!-- AddThis Share Buttons generic via filter on the_content -->","protected":false},"excerpt":{"rendered":"<p>NUEVO DIRECTOR Y VICE-DIRECTORA DE LA SALA DE PRENSA DE LA SANTA SEDE La Sala Stampa de la Santa Sede tiene nuevo director y vice-directora. [&hellip;]<!-- AddThis Advanced Settings generic via filter on get_the_excerpt --><!-- AddThis Share Buttons generic via filter on get_the_excerpt --><\/p>\n","protected":false},"author":2,"featured_media":12471,"comment_status":"open","ping_status":"open","sticky":false,"template":"","format":"standard","meta":{"footnotes":""},"categories":[161,1,8],"tags":[],"class_list":["post-12470","post","type-post","status-publish","format-standard","has-post-thumbnail","hentry","category-el-papa-leonxiv","category-noticiasdiocesanas","category-videos"],"_links":{"self":[{"href":"https:\/\/obispadodezaratecampana.org\/index.php?rest_route=\/wp\/v2\/posts\/12470","targetHints":{"allow":["GET"]}}],"collection":[{"href":"https:\/\/obispadodezaratecampana.org\/index.php?rest_route=\/wp\/v2\/posts"}],"about":[{"href":"https:\/\/obispadodezaratecampana.org\/index.php?rest_route=\/wp\/v2\/types\/post"}],"author":[{"embeddable":true,"href":"https:\/\/obispadodezaratecampana.org\/index.php?rest_route=\/wp\/v2\/users\/2"}],"replies":[{"embeddable":true,"href":"https:\/\/obispadodezaratecampana.org\/index.php?rest_route=%2Fwp%2Fv2%2Fcomments&post=12470"}],"version-history":[{"count":2,"href":"https:\/\/obispadodezaratecampana.org\/index.php?rest_route=\/wp\/v2\/posts\/12470\/revisions"}],"predecessor-version":[{"id":12473,"href":"https:\/\/obispadodezaratecampana.org\/index.php?rest_route=\/wp\/v2\/posts\/12470\/revisions\/12473"}],"wp:featuredmedia":[{"embeddable":true,"href":"https:\/\/obispadodezaratecampana.org\/index.php?rest_route=\/wp\/v2\/media\/12471"}],"wp:attachment":[{"href":"https:\/\/obispadodezaratecampana.org\/index.php?rest_route=%2Fwp%2Fv2%2Fmedia&parent=12470"}],"wp:term":[{"taxonomy":"category","embeddable":true,"href":"https:\/\/obispadodezaratecampana.org\/index.php?rest_route=%2Fwp%2Fv2%2Fcategories&post=12470"},{"taxonomy":"post_tag","embeddable":true,"href":"https:\/\/obispadodezaratecampana.org\/index.php?rest_route=%2Fwp%2Fv2%2Ftags&post=12470"}],"curies":[{"name":"wp","href":"https:\/\/api.w.org\/{rel}","templated":true}]}}