{"id":12452,"date":"2016-07-26T08:29:45","date_gmt":"2016-07-26T11:29:45","guid":{"rendered":"http:\/\/obispadodezaratecampana.org\/?p=12452"},"modified":"2016-07-26T10:24:59","modified_gmt":"2016-07-26T13:24:59","slug":"pbro-dr-luis-bernardo-mur-malagon-disertacion-preparacion-para-el-matrimonio","status":"publish","type":"post","link":"https:\/\/obispadodezaratecampana.org\/?p=12452","title":{"rendered":"Pbro Dr Luis Bernardo Mur Malag\u00f3n: Disertaci\u00f3n preparaci\u00f3n para el matrimonio"},"content":{"rendered":"<p style=\"color: #1d2129; text-align: justify;\"><strong><span style=\"color: #003366;\">S\u00e1bado 30 de julio, 10: 45 hs en el Auditorio de la Catedral Santa Florentina\u00a0<\/span><\/strong><\/p>\n<p style=\"color: #1d2129; text-align: justify;\"><span style=\"color: #003366;\">El P. Dr. Luis Bernardo Mur Malag\u00f3n (salesiano) y Decano de la Facultad de Derecho Can\u00f3nico de la Pontificia Universidad Javeriana de Bogot\u00e1 , disertar\u00e1\u00a0acerca del tema de la preparaci\u00f3n al matrimonio: aspectos jur\u00eddico pastorales tomando las tres etapas remota, pr\u00f3xima e inmediata. Se trata de un eximio pastoralista con fragancia a familia, dado la utilidad e importancia de esta tem\u00e1tica, es una convocatoria abierta a todo p\u00fablico.\u00a0<\/span><\/p>\n<p style=\"color: #1d2129;\"><img fetchpriority=\"high\" decoding=\"async\" class=\"size-medium wp-image-12453 aligncenter\" src=\"http:\/\/obispadodezaratecampana.org\/wp-content\/uploads\/2016\/07\/13770456_1759375864348254_8963657548228822005_n-300x271.jpg\" alt=\"13770456_1759375864348254_8963657548228822005_n\" width=\"300\" height=\"271\" srcset=\"https:\/\/obispadodezaratecampana.org\/wp-content\/uploads\/2016\/07\/13770456_1759375864348254_8963657548228822005_n-300x271.jpg 300w, https:\/\/obispadodezaratecampana.org\/wp-content\/uploads\/2016\/07\/13770456_1759375864348254_8963657548228822005_n.jpg 500w\" sizes=\"(max-width: 300px) 100vw, 300px\" \/><\/p>\n<p style=\"color: #1d2129;\"><img decoding=\"async\" class=\"size-medium wp-image-12454 aligncenter\" src=\"http:\/\/obispadodezaratecampana.org\/wp-content\/uploads\/2016\/07\/13716190_1759375861014921_8606690008307762909_n-300x300.jpg\" alt=\"13716190_1759375861014921_8606690008307762909_n\" width=\"300\" height=\"300\" srcset=\"https:\/\/obispadodezaratecampana.org\/wp-content\/uploads\/2016\/07\/13716190_1759375861014921_8606690008307762909_n-300x300.jpg 300w, https:\/\/obispadodezaratecampana.org\/wp-content\/uploads\/2016\/07\/13716190_1759375861014921_8606690008307762909_n-150x150.jpg 150w, https:\/\/obispadodezaratecampana.org\/wp-content\/uploads\/2016\/07\/13716190_1759375861014921_8606690008307762909_n.jpg 552w\" sizes=\"(max-width: 300px) 100vw, 300px\" \/><\/p>\n<p style=\"color: #1d2129;\"><img decoding=\"async\" class=\"size-medium wp-image-12455 aligncenter\" src=\"http:\/\/obispadodezaratecampana.org\/wp-content\/uploads\/2016\/07\/13754122_1759375857681588_1583752973727827428_n-300x198.jpg\" alt=\"13754122_1759375857681588_1583752973727827428_n\" width=\"300\" height=\"198\" srcset=\"https:\/\/obispadodezaratecampana.org\/wp-content\/uploads\/2016\/07\/13754122_1759375857681588_1583752973727827428_n-300x198.jpg 300w, https:\/\/obispadodezaratecampana.org\/wp-content\/uploads\/2016\/07\/13754122_1759375857681588_1583752973727827428_n.jpg 650w\" sizes=\"(max-width: 300px) 100vw, 300px\" \/><\/p>\n<!-- AddThis Advanced Settings generic via filter on the_content --><!-- AddThis Share Buttons generic via filter on the_content -->","protected":false},"excerpt":{"rendered":"<p>S\u00e1bado 30 de julio, 10: 45 hs en el Auditorio de la Catedral Santa Florentina\u00a0 El P. Dr. Luis Bernardo Mur Malag\u00f3n (salesiano) y Decano [&hellip;]<!-- AddThis Advanced Settings generic via filter on get_the_excerpt --><!-- AddThis Share Buttons generic via filter on get_the_excerpt --><\/p>\n","protected":false},"author":2,"featured_media":12482,"comment_status":"open","ping_status":"open","sticky":false,"template":"","format":"standard","meta":{"footnotes":""},"categories":[1,3],"tags":[],"class_list":["post-12452","post","type-post","status-publish","format-standard","has-post-thumbnail","hentry","category-noticiasdiocesanas","category-noticiasparroquiales"],"_links":{"self":[{"href":"https:\/\/obispadodezaratecampana.org\/index.php?rest_route=\/wp\/v2\/posts\/12452","targetHints":{"allow":["GET"]}}],"collection":[{"href":"https:\/\/obispadodezaratecampana.org\/index.php?rest_route=\/wp\/v2\/posts"}],"about":[{"href":"https:\/\/obispadodezaratecampana.org\/index.php?rest_route=\/wp\/v2\/types\/post"}],"author":[{"embeddable":true,"href":"https:\/\/obispadodezaratecampana.org\/index.php?rest_route=\/wp\/v2\/users\/2"}],"replies":[{"embeddable":true,"href":"https:\/\/obispadodezaratecampana.org\/index.php?rest_route=%2Fwp%2Fv2%2Fcomments&post=12452"}],"version-history":[{"count":2,"href":"https:\/\/obispadodezaratecampana.org\/index.php?rest_route=\/wp\/v2\/posts\/12452\/revisions"}],"predecessor-version":[{"id":12483,"href":"https:\/\/obispadodezaratecampana.org\/index.php?rest_route=\/wp\/v2\/posts\/12452\/revisions\/12483"}],"wp:featuredmedia":[{"embeddable":true,"href":"https:\/\/obispadodezaratecampana.org\/index.php?rest_route=\/wp\/v2\/media\/12482"}],"wp:attachment":[{"href":"https:\/\/obispadodezaratecampana.org\/index.php?rest_route=%2Fwp%2Fv2%2Fmedia&parent=12452"}],"wp:term":[{"taxonomy":"category","embeddable":true,"href":"https:\/\/obispadodezaratecampana.org\/index.php?rest_route=%2Fwp%2Fv2%2Fcategories&post=12452"},{"taxonomy":"post_tag","embeddable":true,"href":"https:\/\/obispadodezaratecampana.org\/index.php?rest_route=%2Fwp%2Fv2%2Ftags&post=12452"}],"curies":[{"name":"wp","href":"https:\/\/api.w.org\/{rel}","templated":true}]}}