{"id":12393,"date":"2016-06-26T20:44:19","date_gmt":"2016-06-26T23:44:19","guid":{"rendered":"http:\/\/obispadodezaratecampana.org\/?p=12393"},"modified":"2016-06-26T20:44:19","modified_gmt":"2016-06-26T23:44:19","slug":"francisco-y-karekin-ii-firmaron-una-declaracion-conjunta","status":"publish","type":"post","link":"https:\/\/obispadodezaratecampana.org\/?p=12393","title":{"rendered":"Francisco y Karekin II firmaron una declaraci\u00f3n conjunta"},"content":{"rendered":"<p><img fetchpriority=\"high\" decoding=\"async\" class=\" wp-image-12394 aligncenter\" src=\"http:\/\/obispadodezaratecampana.org\/wp-content\/uploads\/2016\/06\/francis-300x167.jpg\" alt=\"francis\" width=\"417\" height=\"232\" srcset=\"https:\/\/obispadodezaratecampana.org\/wp-content\/uploads\/2016\/06\/francis-300x167.jpg 300w, https:\/\/obispadodezaratecampana.org\/wp-content\/uploads\/2016\/06\/francis.jpg 700w\" sizes=\"(max-width: 417px) 100vw, 417px\" \/><\/p>\n<p>Al t\u00e9rmino de su viaje a Armenia, este domingo 26 de junio por la tarde en el palacio apost\u00f3lico de Etchmiadzin, antes de dirigirse al Monasterio de Khor Virap, uno de los lugares m\u00e1s sagrados de la Iglesia armenia, en el l\u00edmite con Turqu\u00eda, al pie del Monte Ararat, el papa Francisco firm\u00f3 una declaraci\u00f3n conjunta con el catholic\u00f3s Karekin II. \u201cImploramos a los l\u00edderes de las naciones que escuchen la petici\u00f3n de millones de seres humanos que tienen urgente necesidad de pan, no de armas\u201d, se lee en la declaraci\u00f3n de ambos l\u00edderes religiosos.<\/p>\n<p>Francisco y Karekin II agradecen a Dios \u201cpor la constante y creciente cercan\u00eda en la fe y en el amor entre la Iglesia apost\u00f3lica armenia y la Iglesia cat\u00f3lica en el com\u00fan testimonio al mensaje del Evangelio en un mundo lacerado por conflictos y que desea consolaci\u00f3n y esperanza\u201d.<\/p>\n<p>Se cita en el texto la celebraci\u00f3n que presidi\u00f3 el Papa en la bas\u00edlica de San Pedro en abril de 2015 para conmemorar el centenario del \u201cGran Mal\u201d, el extermino de un mill\u00f3n y medio de armenios por parte de los turcos. Tambi\u00e9n se cita la declaraci\u00f3n conjunta que suscribieron hace 15 a\u00f1os el mismo Karekin II y Juan Pablo II, afirmando que este exterminio \u201cgeneralmente es definido como el primer genocidio del siglo XX\u201d.<\/p>\n<p>El texto pasa del pasado al presente: \u201cSomos, desgraciadamente, testigos de una inmensa tragedia \u2014afirman los l\u00edderes de las dos Iglesias\u2014 que sucede frente a nuestros ojos: innumerables personas inocentes asesinadas, deportadas u obligadas a un doloroso e incierto exilio por constantes conflictos de naturaleza \u00e9tnica, pol\u00edtica y religiosa en el Medio Oriente y en otras partes del mundo\u201d.<\/p>\n<p>La consecuencia, indica la declaraci\u00f3n conjunta, es que \u201cminor\u00edas \u00e9tnicas y religiosas se han convertido en el blanco de persecuciones y de tratos crueles, a tal punto que tales sufrimientos motivados por la pertenencia a una confesi\u00f3n religiosa, se han convertido en una realidad cotidiana. Los m\u00e1rtires pertenecen a todas las Iglesias y su sufrimiento constituye un \u2018ecumenismo de la sangre\u2019 que trasciende las divisiones hist\u00f3ricas entre los cristianos, llam\u00e1ndonos a todos nosotros a promover la unidad visible de los disc\u00edpulos de Cristo\u201d.<\/p>\n<p>Despu\u00e9s de haber rezado a los ap\u00f3stoles fundadores de las respectivas Iglesias, para que cambien los corazones de \u201ctodos aquellos que comenten tales cr\u00edmenes\u201d y de todos los que \u201cest\u00e1n en condiciones de detener la violencia\u201d, Francisco y Karekin II dirigen un mensaje a los responsables de los Estados: \u201cImploramos a los l\u00edderes de las naciones que escuchen la petici\u00f3n de millones de seres humanos que esperan con ansia paz y justicia en el mundo, que piden el respeto de sus derechos atribuidos por Dios, que tienen urgente necesidad de pan, no de armas\u201d.<\/p>\n<p>\u201cDesgraciadamente \u2014contin\u00faa la declaraci\u00f3n\u2014 asistimos a una presentaci\u00f3n de la religi\u00f3n y de los valores religiosos de una manera fundamentalista, que es utilizada para justificar la difusi\u00f3n del odio, de la discriminaci\u00f3n y de la violencia. La justificaci\u00f3n de tales cr\u00edmenes con base en ideas religiosas es inaceptable\u201d. Adem\u00e1s, el Papa y el Catholicos afirman que \u201cel respeto de las diferencias religiosas es la condici\u00f3n necesaria para la pac\u00edfica convivencia de diferentes comunidades \u00e9tnicas y religiosas\u201d.<\/p>\n<p>\u201cJustamente porque somos cristianos, estamos llamados a buscar y a desarrollar v\u00edas de reconciliaci\u00f3n y de paz. A tal prop\u00f3sito, expresamos tambi\u00e9n nuestra esperanza de una soluci\u00f3n pac\u00edfica de las cuestiones relacionadas con el Nagorno-Karabakh\u201d. El Papa y Karekin II piden \u201ca los fieles de nuestras Iglesias que abran sus corazones y sus manos a las v\u00edctimas de la guerra y del terrorismo, a los refugiados y a sus familias. Est\u00e1 en juego el sentido mismo de nuestra humanidad, de nuestra solidaridad, compasi\u00f3n y generosidad, que puede ser expresado apropiadamente solo mediante un inmediato y pr\u00e1ctico empleo de recursos\u201d.<\/p>\n<p>\u201cReconocemos que todo esto ya ha sido hecho, pero insistimos en que se exige mucho m\u00e1s por parte de los responsables pol\u00edticos y de la comunidad internacional con tal de garantizar el derecho de todos a vivir en paz y seguridad, para sostener el estado de derecho, para proteger a las minor\u00edas religiosas y \u00e9tnicas, para combatir el tr\u00e1fico y el contrabando de seres humanos\u201d.<\/p>\n<p>Un pasaje de la declaraci\u00f3n est\u00e1 dedicado a la familia. \u201cLa secularizaci\u00f3n de amplios sectores de la sociedad, su enajenaci\u00f3n de lo que es espiritual y divino, conduce inevitablemente a una visi\u00f3n desacralizada y materialista del hombre y de la familia humana\u201d. Al respecto, expresan Francisco y Karekin II, \u201cestamos preocupados por la crisis de la familia en muchos pa\u00edses\u201d. Las dos Iglesias \u201ccomparten la misma visi\u00f3n de la familia, basada en el matrimonio, acto de gratuidad y de amor fiel entre un hombre y una mujer\u201d.<\/p>\n<p>Para concluir, el documento se refiere a las relaciones entre los armenios apost\u00f3licos y los cat\u00f3licos. \u201cEstamos convencidos de la importancia crucial de desarrollar estas relaciones, emprendiendo una profunda y m\u00e1s decisiva colaboraci\u00f3n no solo en \u00e1mbito teol\u00f3gico, sino tambi\u00e9n en la oraci\u00f3n y en una actividad de cooperaci\u00f3n a nivel de las comunidades locales, en la perspectiva de compartir una plena comuni\u00f3n y expresiones concretas de unidad. Exhortamos a nuestros fieles a trabajar en armon\u00eda para promover en la sociedad valores cristianos, que contribuyan eficazmente a la construcci\u00f3n de una civilizaci\u00f3n de justicia, de paz y de solidaridad humana\u201d.+<\/p>\n<p>Fuente: AICA 26 de junio<\/p>\n<!-- AddThis Advanced Settings generic via filter on the_content --><!-- AddThis Share Buttons generic via filter on the_content -->","protected":false},"excerpt":{"rendered":"<p>Al t\u00e9rmino de su viaje a Armenia, este domingo 26 de junio por la tarde en el palacio apost\u00f3lico de Etchmiadzin, antes de dirigirse al [&hellip;]<!-- AddThis Advanced Settings generic via filter on get_the_excerpt --><!-- AddThis Share Buttons generic via filter on get_the_excerpt --><\/p>\n","protected":false},"author":2,"featured_media":12394,"comment_status":"open","ping_status":"open","sticky":false,"template":"","format":"standard","meta":{"footnotes":""},"categories":[161],"tags":[],"class_list":["post-12393","post","type-post","status-publish","format-standard","has-post-thumbnail","hentry","category-el-papa-leonxiv"],"_links":{"self":[{"href":"https:\/\/obispadodezaratecampana.org\/index.php?rest_route=\/wp\/v2\/posts\/12393","targetHints":{"allow":["GET"]}}],"collection":[{"href":"https:\/\/obispadodezaratecampana.org\/index.php?rest_route=\/wp\/v2\/posts"}],"about":[{"href":"https:\/\/obispadodezaratecampana.org\/index.php?rest_route=\/wp\/v2\/types\/post"}],"author":[{"embeddable":true,"href":"https:\/\/obispadodezaratecampana.org\/index.php?rest_route=\/wp\/v2\/users\/2"}],"replies":[{"embeddable":true,"href":"https:\/\/obispadodezaratecampana.org\/index.php?rest_route=%2Fwp%2Fv2%2Fcomments&post=12393"}],"version-history":[{"count":1,"href":"https:\/\/obispadodezaratecampana.org\/index.php?rest_route=\/wp\/v2\/posts\/12393\/revisions"}],"predecessor-version":[{"id":12395,"href":"https:\/\/obispadodezaratecampana.org\/index.php?rest_route=\/wp\/v2\/posts\/12393\/revisions\/12395"}],"wp:featuredmedia":[{"embeddable":true,"href":"https:\/\/obispadodezaratecampana.org\/index.php?rest_route=\/wp\/v2\/media\/12394"}],"wp:attachment":[{"href":"https:\/\/obispadodezaratecampana.org\/index.php?rest_route=%2Fwp%2Fv2%2Fmedia&parent=12393"}],"wp:term":[{"taxonomy":"category","embeddable":true,"href":"https:\/\/obispadodezaratecampana.org\/index.php?rest_route=%2Fwp%2Fv2%2Fcategories&post=12393"},{"taxonomy":"post_tag","embeddable":true,"href":"https:\/\/obispadodezaratecampana.org\/index.php?rest_route=%2Fwp%2Fv2%2Ftags&post=12393"}],"curies":[{"name":"wp","href":"https:\/\/api.w.org\/{rel}","templated":true}]}}