{"id":12344,"date":"2016-06-23T22:37:19","date_gmt":"2016-06-24T01:37:19","guid":{"rendered":"http:\/\/obispadodezaratecampana.org\/?p=12344"},"modified":"2016-06-23T22:37:19","modified_gmt":"2016-06-24T01:37:19","slug":"francisco-les-ruego-que-recen-por-mi-que-manana-viajare-como-peregrino-a-armenia-la-primera-nacion-que-acogio-el-evangelio-de-jesus","status":"publish","type":"post","link":"https:\/\/obispadodezaratecampana.org\/?p=12344","title":{"rendered":"Francisco: &#8220;Les ruego que recen por m\u00ed,  que ma\u00f1ana viajar\u00e9 como peregrino a Armenia,  la primera naci\u00f3n que acogi\u00f3 el Evangelio de Jes\u00fas&#8221;"},"content":{"rendered":"<h2 style=\"text-align: center;\"><span style=\"color: #808080;\">\u00a0Francisco:\u00a0&#8220;Les ruego que recen por m\u00ed, <\/span><\/h2>\n<h2 style=\"text-align: center;\"><span style=\"color: #808080;\">que ma\u00f1ana viajar\u00e9 como peregrino a Armenia,<\/span><\/h2>\n<h2 style=\"text-align: center;\"><span style=\"color: #808080;\"> la primera naci\u00f3n que acogi\u00f3 el Evangelio de Jes\u00fas&#8221;.<\/span><\/h2>\n<h2><img fetchpriority=\"high\" decoding=\"async\" class=\"size-medium wp-image-12345 aligncenter\" src=\"http:\/\/obispadodezaratecampana.org\/wp-content\/uploads\/2016\/06\/13501993_1281741851836850_2970441844164534706_n-300x300.jpg\" alt=\"13501993_1281741851836850_2970441844164534706_n\" width=\"300\" height=\"300\" srcset=\"https:\/\/obispadodezaratecampana.org\/wp-content\/uploads\/2016\/06\/13501993_1281741851836850_2970441844164534706_n-300x300.jpg 300w, https:\/\/obispadodezaratecampana.org\/wp-content\/uploads\/2016\/06\/13501993_1281741851836850_2970441844164534706_n-150x150.jpg 150w, https:\/\/obispadodezaratecampana.org\/wp-content\/uploads\/2016\/06\/13501993_1281741851836850_2970441844164534706_n.jpg 794w\" sizes=\"(max-width: 300px) 100vw, 300px\" \/><\/h2>\n<p style=\"text-align: justify;\"><strong>Viaje apost\u00f3lico a Armenia: &#8220;El Papa ser\u00e1 recibido como la persona m\u00e1s importante del mundo&#8221;<\/strong><\/p>\n<p>2016-06-23 Radio Vaticana<\/p>\n<p style=\"text-align: justify;\">(RV).- A s\u00f3lo 5 kil\u00f3metros de la frontera con Georgia se encuentra el hospital Redemptoris Mater de la localidad armenia de Ashtotsk, un centro que fue construido gracias a San Juan Pablo II y C\u00e1ritas de Italia, despu\u00e9s del terremoto de 1988 que dej\u00f3 m\u00e1s de 25.000 muertos en Armenia. All\u00ed vive y trabaja el padre italiano Mario Cuccarollo, quien dirige el hospital y los 21 centros ambulatorios que dependen de \u00e9l, repartidos en 33 kil\u00f3metros a la redonda y que atiende a m\u00e1s de 15.000 personas. Un nido de ternura y familiaridad, que sigue en pie \u2013en gran parte- gracias a la caridad de la Conferencia Episcopal Italiana quien paga m\u00e1s del 40% de los gatos, seg\u00fan explic\u00f3 a Radio Vaticano el Padre Mario.<\/p>\n<p style=\"text-align: justify;\">En este lugar rec\u00f3ndito del C\u00e1ucaso de no f\u00e1cil acceso, tambi\u00e9n esperan al Papa Francisco, quien llegar\u00e1 este viernes a Armenia, \u201cel primer pa\u00eds cristiano\u201d. No est\u00e1 previsto que vaya hasta a este hospital que se encuentra en las monta\u00f1as del norte del pa\u00eds, pero a los trabajadores y pacientes que viven all\u00ed les queda una peque\u00f1a esperanza de que aparezca por sorpresa.<\/p>\n<p style=\"text-align: justify;\">\u201cSer\u00e1 recibido como la persona m\u00e1s importante del mundo, por lo que es una espera muy grande\u201d, asegur\u00f3 al micr\u00f3fono de Davide Dionisi.<\/p>\n<p style=\"text-align: justify;\">All\u00ed conocemos a Mar\u00eda. Una ni\u00f1a de tres meses a quien su madre de 16 a\u00f1os y con una terrible situaci\u00f3n, abandon\u00f3 despu\u00e9s de nacer. \u201cElla es Mar\u00eda, y busca una familia\u201d. As\u00ed es como la presenta padre Mario a los periodistas de Radio Vaticano. Mar\u00eda nos mira con unos ojos enormes y casi sin parpadear. Su historia es una de tantas. Cientos de familias necesitadas son atendidas en el hospital de Ashotsck, que en muchos casos -como \u00e9ste- se convierte en su casa.<\/p>\n<p style=\"text-align: justify;\">Una buena noticia: Mar\u00eda encontr\u00f3 ya una familia que la acoger\u00e1.<\/p>\n<p style=\"text-align: justify;\">(M\u00f3nica Zorita- Radio Vaticano)<\/p>\n<p style=\"text-align: justify;\">(from Vatican Radio)<\/p>\n<!-- AddThis Advanced Settings generic via filter on the_content --><!-- AddThis Share Buttons generic via filter on the_content -->","protected":false},"excerpt":{"rendered":"<p>\u00a0Francisco:\u00a0&#8220;Les ruego que recen por m\u00ed, que ma\u00f1ana viajar\u00e9 como peregrino a Armenia, la primera naci\u00f3n que acogi\u00f3 el Evangelio de Jes\u00fas&#8221;. Viaje apost\u00f3lico a [&hellip;]<!-- AddThis Advanced Settings generic via filter on get_the_excerpt --><!-- AddThis Share Buttons generic via filter on get_the_excerpt --><\/p>\n","protected":false},"author":2,"featured_media":12345,"comment_status":"open","ping_status":"open","sticky":false,"template":"","format":"standard","meta":{"footnotes":""},"categories":[161],"tags":[],"class_list":["post-12344","post","type-post","status-publish","format-standard","has-post-thumbnail","hentry","category-el-papa-leonxiv"],"_links":{"self":[{"href":"https:\/\/obispadodezaratecampana.org\/index.php?rest_route=\/wp\/v2\/posts\/12344","targetHints":{"allow":["GET"]}}],"collection":[{"href":"https:\/\/obispadodezaratecampana.org\/index.php?rest_route=\/wp\/v2\/posts"}],"about":[{"href":"https:\/\/obispadodezaratecampana.org\/index.php?rest_route=\/wp\/v2\/types\/post"}],"author":[{"embeddable":true,"href":"https:\/\/obispadodezaratecampana.org\/index.php?rest_route=\/wp\/v2\/users\/2"}],"replies":[{"embeddable":true,"href":"https:\/\/obispadodezaratecampana.org\/index.php?rest_route=%2Fwp%2Fv2%2Fcomments&post=12344"}],"version-history":[{"count":1,"href":"https:\/\/obispadodezaratecampana.org\/index.php?rest_route=\/wp\/v2\/posts\/12344\/revisions"}],"predecessor-version":[{"id":12346,"href":"https:\/\/obispadodezaratecampana.org\/index.php?rest_route=\/wp\/v2\/posts\/12344\/revisions\/12346"}],"wp:featuredmedia":[{"embeddable":true,"href":"https:\/\/obispadodezaratecampana.org\/index.php?rest_route=\/wp\/v2\/media\/12345"}],"wp:attachment":[{"href":"https:\/\/obispadodezaratecampana.org\/index.php?rest_route=%2Fwp%2Fv2%2Fmedia&parent=12344"}],"wp:term":[{"taxonomy":"category","embeddable":true,"href":"https:\/\/obispadodezaratecampana.org\/index.php?rest_route=%2Fwp%2Fv2%2Fcategories&post=12344"},{"taxonomy":"post_tag","embeddable":true,"href":"https:\/\/obispadodezaratecampana.org\/index.php?rest_route=%2Fwp%2Fv2%2Ftags&post=12344"}],"curies":[{"name":"wp","href":"https:\/\/api.w.org\/{rel}","templated":true}]}}