{"id":12326,"date":"2016-06-22T21:26:49","date_gmt":"2016-06-23T00:26:49","guid":{"rendered":"http:\/\/obispadodezaratecampana.org\/?p=12326"},"modified":"2016-06-22T21:26:49","modified_gmt":"2016-06-23T00:26:49","slug":"preparando-las-patronales-de-la-catedral-imagen-peregrina-de-santa-florentina","status":"publish","type":"post","link":"https:\/\/obispadodezaratecampana.org\/?p=12326","title":{"rendered":"Preparando las Patronales de la Catedral: Imagen Peregrina de Santa Florentina"},"content":{"rendered":"<h4 style=\"text-align: justify;\"><span style=\"color: #666699;\">En el marco de la preparaci\u00f3n de las Fiestas Patronales de la Catedral Santa Florentina, la imagen de la Santa Patrona de la Catedral, estar\u00e1 peregrinando por diversos lugares de Campana.<\/span><\/h4>\n<p><img fetchpriority=\"high\" decoding=\"async\" class=\"size-medium wp-image-12327 aligncenter\" src=\"http:\/\/obispadodezaratecampana.org\/wp-content\/uploads\/2016\/06\/13497623_863060883838393_3917072227785743632_o-1-224x300.jpg\" alt=\"13497623_863060883838393_3917072227785743632_o (1)\" width=\"224\" height=\"300\" srcset=\"https:\/\/obispadodezaratecampana.org\/wp-content\/uploads\/2016\/06\/13497623_863060883838393_3917072227785743632_o-1-224x300.jpg 224w, https:\/\/obispadodezaratecampana.org\/wp-content\/uploads\/2016\/06\/13497623_863060883838393_3917072227785743632_o-1-766x1024.jpg 766w, https:\/\/obispadodezaratecampana.org\/wp-content\/uploads\/2016\/06\/13497623_863060883838393_3917072227785743632_o-1.jpg 1431w\" sizes=\"(max-width: 224px) 100vw, 224px\" \/><\/p>\n<h4 style=\"text-align: center;\"><span style=\"color: #666699;\">VISITA DE LA IMAGEN DE SANTA FLORENTINA &#8211; CAMPANA<\/span><\/h4>\n<h4 style=\"text-align: center;\"><span style=\"color: #666699;\">Domingo 26 junio: \u00a0Capilla Ntra. Sra. de la Paz <\/span><br \/>\n<span style=\"color: #666699;\">Lunes 27 \u00a0junio: Capilla San Mart\u00edn de Porres y Jard\u00edn Martincito<\/span><br \/>\n<span style=\"color: #666699;\">Martes 28 junio: \u00a0Hogar de ancianos <\/span><br \/>\n<span style=\"color: #666699;\">Mi\u00e9rcoles 29 junio: Hospital San Jos\u00e9 , FM Santa Mar\u00eda y<\/span><br \/>\n<span style=\"color: #666699;\">Canal TV <\/span><br \/>\n<span style=\"color: #666699;\">Jueves 30 junio: \u00a0San Juan Bosco<\/span><br \/>\n<span style=\"color: #666699;\">Viernes 1\u00b0 julio: San Juan Pablo II y San J.M.Claret <\/span><br \/>\n<span style=\"color: #666699;\">S\u00e1bado 2 julio: Ntra. Sra. de Guadalupe <\/span><br \/>\n<span style=\"color: #666699;\">Domingo 3 julio: Seminario Diocesano <\/span><br \/>\n<span style=\"color: #666699;\">Lunes 4 julio: Ntra. Sra. de la Paz <\/span><br \/>\n<span style=\"color: #666699;\">Martes 5 julio: Municipalidad<\/span><\/h4>\n<!-- AddThis Advanced Settings generic via filter on the_content --><!-- AddThis Share Buttons generic via filter on the_content -->","protected":false},"excerpt":{"rendered":"<p>En el marco de la preparaci\u00f3n de las Fiestas Patronales de la Catedral Santa Florentina, la imagen de la Santa Patrona de la Catedral, estar\u00e1 [&hellip;]<!-- AddThis Advanced Settings generic via filter on get_the_excerpt --><!-- AddThis Share Buttons generic via filter on get_the_excerpt --><\/p>\n","protected":false},"author":2,"featured_media":12327,"comment_status":"open","ping_status":"open","sticky":false,"template":"","format":"standard","meta":{"footnotes":""},"categories":[3],"tags":[],"class_list":["post-12326","post","type-post","status-publish","format-standard","has-post-thumbnail","hentry","category-noticiasparroquiales"],"_links":{"self":[{"href":"https:\/\/obispadodezaratecampana.org\/index.php?rest_route=\/wp\/v2\/posts\/12326","targetHints":{"allow":["GET"]}}],"collection":[{"href":"https:\/\/obispadodezaratecampana.org\/index.php?rest_route=\/wp\/v2\/posts"}],"about":[{"href":"https:\/\/obispadodezaratecampana.org\/index.php?rest_route=\/wp\/v2\/types\/post"}],"author":[{"embeddable":true,"href":"https:\/\/obispadodezaratecampana.org\/index.php?rest_route=\/wp\/v2\/users\/2"}],"replies":[{"embeddable":true,"href":"https:\/\/obispadodezaratecampana.org\/index.php?rest_route=%2Fwp%2Fv2%2Fcomments&post=12326"}],"version-history":[{"count":1,"href":"https:\/\/obispadodezaratecampana.org\/index.php?rest_route=\/wp\/v2\/posts\/12326\/revisions"}],"predecessor-version":[{"id":12328,"href":"https:\/\/obispadodezaratecampana.org\/index.php?rest_route=\/wp\/v2\/posts\/12326\/revisions\/12328"}],"wp:featuredmedia":[{"embeddable":true,"href":"https:\/\/obispadodezaratecampana.org\/index.php?rest_route=\/wp\/v2\/media\/12327"}],"wp:attachment":[{"href":"https:\/\/obispadodezaratecampana.org\/index.php?rest_route=%2Fwp%2Fv2%2Fmedia&parent=12326"}],"wp:term":[{"taxonomy":"category","embeddable":true,"href":"https:\/\/obispadodezaratecampana.org\/index.php?rest_route=%2Fwp%2Fv2%2Fcategories&post=12326"},{"taxonomy":"post_tag","embeddable":true,"href":"https:\/\/obispadodezaratecampana.org\/index.php?rest_route=%2Fwp%2Fv2%2Ftags&post=12326"}],"curies":[{"name":"wp","href":"https:\/\/api.w.org\/{rel}","templated":true}]}}