{"id":12318,"date":"2016-06-22T20:37:11","date_gmt":"2016-06-22T23:37:11","guid":{"rendered":"http:\/\/obispadodezaratecampana.org\/?p=12318"},"modified":"2016-06-22T20:37:11","modified_gmt":"2016-06-22T23:37:11","slug":"catedral-santa-florentina-adoracion-al-santisimo-todos-los-jueves","status":"publish","type":"post","link":"https:\/\/obispadodezaratecampana.org\/?p=12318","title":{"rendered":"CATEDRAL SANTA FLORENTINA: ADORACI\u00d3N AL SANT\u00cdSIMO TODOS LOS JUEVES"},"content":{"rendered":"<h3><span style=\"color: #000080;\">CATEDRAL SANTA FLORENTINA: ADORACI\u00d3N AL SANT\u00cdSIMO TODOS LOS JUEVES<\/span><\/h3>\n<h3 style=\"text-align: justify;\"><span style=\"color: #000080;\">JUEVES, Adoraci\u00f3n al Sant\u00edsimo Sacramento en Catedral Santa Florentina, desde las 08:30 a 12:00 y de 16:00 a 19:00 hs. Luego la Santa Misa. Rezamos por los consagrados y las vocaciones. <\/span><\/h3>\n<h3 style=\"text-align: justify;\"><span style=\"color: #000080;\">FALTAN ADORADORES!!! DIFUNDIR!!!<\/span><\/h3>\n<p>&nbsp;<\/p>\n<h3 style=\"text-align: justify;\">\u00a0 \u00a0 \u00a0 \u00a0 \u00a0 \u00a0 \u00a0 \u00a0 \u00a0 \u00a0 \u00a0 \u00a0 \u00a0 \u00a0 \u00a0 \u00a0 \u00a0 \u00a0 \u00a0 \u00a0 \u00a0 \u00a0 \u00a0 \u00a0 \u00a0 \u00a0 \u00a0 \u00a0 \u00a0 \u00a0 \u00a0 Foto Congreso Eucar\u00edstico Nacional 2016<\/h3>\n<h3><span style=\"color: #000080;\"><img fetchpriority=\"high\" decoding=\"async\" class=\" wp-image-12319 aligncenter\" src=\"http:\/\/obispadodezaratecampana.org\/wp-content\/uploads\/2016\/06\/13502708_1039726882787011_3218208096542687119_o-179x300.jpg\" alt=\"13502708_1039726882787011_3218208096542687119_o\" width=\"219\" height=\"367\" \/><\/span><\/h3>\n<!-- AddThis Advanced Settings generic via filter on the_content --><!-- AddThis Share Buttons generic via filter on the_content -->","protected":false},"excerpt":{"rendered":"<p>CATEDRAL SANTA FLORENTINA: ADORACI\u00d3N AL SANT\u00cdSIMO TODOS LOS JUEVES JUEVES, Adoraci\u00f3n al Sant\u00edsimo Sacramento en Catedral Santa Florentina, desde las 08:30 a 12:00 y de [&hellip;]<!-- AddThis Advanced Settings generic via filter on get_the_excerpt --><!-- AddThis Share Buttons generic via filter on get_the_excerpt --><\/p>\n","protected":false},"author":2,"featured_media":12319,"comment_status":"open","ping_status":"open","sticky":false,"template":"","format":"standard","meta":{"footnotes":""},"categories":[3],"tags":[],"class_list":["post-12318","post","type-post","status-publish","format-standard","has-post-thumbnail","hentry","category-noticiasparroquiales"],"_links":{"self":[{"href":"https:\/\/obispadodezaratecampana.org\/index.php?rest_route=\/wp\/v2\/posts\/12318","targetHints":{"allow":["GET"]}}],"collection":[{"href":"https:\/\/obispadodezaratecampana.org\/index.php?rest_route=\/wp\/v2\/posts"}],"about":[{"href":"https:\/\/obispadodezaratecampana.org\/index.php?rest_route=\/wp\/v2\/types\/post"}],"author":[{"embeddable":true,"href":"https:\/\/obispadodezaratecampana.org\/index.php?rest_route=\/wp\/v2\/users\/2"}],"replies":[{"embeddable":true,"href":"https:\/\/obispadodezaratecampana.org\/index.php?rest_route=%2Fwp%2Fv2%2Fcomments&post=12318"}],"version-history":[{"count":1,"href":"https:\/\/obispadodezaratecampana.org\/index.php?rest_route=\/wp\/v2\/posts\/12318\/revisions"}],"predecessor-version":[{"id":12320,"href":"https:\/\/obispadodezaratecampana.org\/index.php?rest_route=\/wp\/v2\/posts\/12318\/revisions\/12320"}],"wp:featuredmedia":[{"embeddable":true,"href":"https:\/\/obispadodezaratecampana.org\/index.php?rest_route=\/wp\/v2\/media\/12319"}],"wp:attachment":[{"href":"https:\/\/obispadodezaratecampana.org\/index.php?rest_route=%2Fwp%2Fv2%2Fmedia&parent=12318"}],"wp:term":[{"taxonomy":"category","embeddable":true,"href":"https:\/\/obispadodezaratecampana.org\/index.php?rest_route=%2Fwp%2Fv2%2Fcategories&post=12318"},{"taxonomy":"post_tag","embeddable":true,"href":"https:\/\/obispadodezaratecampana.org\/index.php?rest_route=%2Fwp%2Fv2%2Ftags&post=12318"}],"curies":[{"name":"wp","href":"https:\/\/api.w.org\/{rel}","templated":true}]}}