{"id":12316,"date":"2016-06-22T20:15:36","date_gmt":"2016-06-22T23:15:36","guid":{"rendered":"http:\/\/obispadodezaratecampana.org\/?p=12316"},"modified":"2016-06-22T20:15:36","modified_gmt":"2016-06-22T23:15:36","slug":"fogueiras-de-sao-joao-sabado-24-de-junio-a-las-19-hs-pquia-ntra-sra-de-fatima-zartate","status":"publish","type":"post","link":"https:\/\/obispadodezaratecampana.org\/?p=12316","title":{"rendered":"&#8220;Fogueiras de Sao Joao&#8221; : S\u00e1bado 24 de junio a las 19 hs , Pquia Ntra Sra de F\u00e1tima &#8211; Z\u00e1rtate"},"content":{"rendered":"<h3>Para saber de que se trata esta iniciativa, pueden visitar el siguiente enlace de la Parroquia Ntra Sra de F\u00e1tima, de Z\u00e1rate:<\/h3>\n<h3><a title=\"fogata de San Juan \" href=\"http:\/\/parroquia-fatima-zarate.blogspot.com.ar\/2016\/06\/fogata-de-san-juan.html\" target=\"_blank\">http:\/\/parroquia-fatima-zarate.blogspot.com.ar\/2016\/06\/fogata-de-san-juan.html<\/a><\/h3>\n<h3><a title=\"fogata de San Juan \" href=\"http:\/\/parroquia-fatima-zarate.blogspot.com.ar\/2016\/06\/fogata-de-san-juan.html\" target=\"_blank\"><img fetchpriority=\"high\" decoding=\"async\" class=\" wp-image-12315 aligncenter\" src=\"http:\/\/obispadodezaratecampana.org\/wp-content\/uploads\/2016\/06\/13497623_1095241677203820_6436535001189461891_o-300x146.jpg\" alt=\"13497623_1095241677203820_6436535001189461891_o\" width=\"633\" height=\"308\" srcset=\"https:\/\/obispadodezaratecampana.org\/wp-content\/uploads\/2016\/06\/13497623_1095241677203820_6436535001189461891_o-300x146.jpg 300w, https:\/\/obispadodezaratecampana.org\/wp-content\/uploads\/2016\/06\/13497623_1095241677203820_6436535001189461891_o-1024x499.jpg 1024w\" sizes=\"(max-width: 633px) 100vw, 633px\" \/><\/a><\/h3>\n<!-- AddThis Advanced Settings generic via filter on the_content --><!-- AddThis Share Buttons generic via filter on the_content -->","protected":false},"excerpt":{"rendered":"<p>Para saber de que se trata esta iniciativa, pueden visitar el siguiente enlace de la Parroquia Ntra Sra de F\u00e1tima, de Z\u00e1rate: http:\/\/parroquia-fatima-zarate.blogspot.com.ar\/2016\/06\/fogata-de-san-juan.html<!-- AddThis Advanced Settings generic via filter on get_the_excerpt --><!-- AddThis Share Buttons generic via filter on get_the_excerpt --><\/p>\n","protected":false},"author":2,"featured_media":12315,"comment_status":"open","ping_status":"open","sticky":false,"template":"","format":"standard","meta":{"footnotes":""},"categories":[3],"tags":[],"class_list":["post-12316","post","type-post","status-publish","format-standard","has-post-thumbnail","hentry","category-noticiasparroquiales"],"_links":{"self":[{"href":"https:\/\/obispadodezaratecampana.org\/index.php?rest_route=\/wp\/v2\/posts\/12316","targetHints":{"allow":["GET"]}}],"collection":[{"href":"https:\/\/obispadodezaratecampana.org\/index.php?rest_route=\/wp\/v2\/posts"}],"about":[{"href":"https:\/\/obispadodezaratecampana.org\/index.php?rest_route=\/wp\/v2\/types\/post"}],"author":[{"embeddable":true,"href":"https:\/\/obispadodezaratecampana.org\/index.php?rest_route=\/wp\/v2\/users\/2"}],"replies":[{"embeddable":true,"href":"https:\/\/obispadodezaratecampana.org\/index.php?rest_route=%2Fwp%2Fv2%2Fcomments&post=12316"}],"version-history":[{"count":1,"href":"https:\/\/obispadodezaratecampana.org\/index.php?rest_route=\/wp\/v2\/posts\/12316\/revisions"}],"predecessor-version":[{"id":12317,"href":"https:\/\/obispadodezaratecampana.org\/index.php?rest_route=\/wp\/v2\/posts\/12316\/revisions\/12317"}],"wp:featuredmedia":[{"embeddable":true,"href":"https:\/\/obispadodezaratecampana.org\/index.php?rest_route=\/wp\/v2\/media\/12315"}],"wp:attachment":[{"href":"https:\/\/obispadodezaratecampana.org\/index.php?rest_route=%2Fwp%2Fv2%2Fmedia&parent=12316"}],"wp:term":[{"taxonomy":"category","embeddable":true,"href":"https:\/\/obispadodezaratecampana.org\/index.php?rest_route=%2Fwp%2Fv2%2Fcategories&post=12316"},{"taxonomy":"post_tag","embeddable":true,"href":"https:\/\/obispadodezaratecampana.org\/index.php?rest_route=%2Fwp%2Fv2%2Ftags&post=12316"}],"curies":[{"name":"wp","href":"https:\/\/api.w.org\/{rel}","templated":true}]}}