{"id":12255,"date":"2016-06-17T02:15:55","date_gmt":"2016-06-17T05:15:55","guid":{"rendered":"http:\/\/obispadodezaratecampana.org\/?p=12255"},"modified":"2016-06-17T02:15:55","modified_gmt":"2016-06-17T05:15:55","slug":"homenaje-a-la-nueva-santa-maria-isabel-hesselblad-en-campana","status":"publish","type":"post","link":"https:\/\/obispadodezaratecampana.org\/?p=12255","title":{"rendered":"Homenaje a la nueva santa Mar\u00eda Isabel Hesselblad en Campana"},"content":{"rendered":"<div class=\"descripcionPost\"><img fetchpriority=\"high\" decoding=\"async\" class=\" wp-image-12256 aligncenter\" src=\"http:\/\/obispadodezaratecampana.org\/wp-content\/uploads\/2016\/06\/santa-300x216.jpg\" alt=\"santa\" width=\"319\" height=\"230\" srcset=\"https:\/\/obispadodezaratecampana.org\/wp-content\/uploads\/2016\/06\/santa-300x216.jpg 300w, https:\/\/obispadodezaratecampana.org\/wp-content\/uploads\/2016\/06\/santa.jpg 640w\" sizes=\"(max-width: 319px) 100vw, 319px\" \/><\/div>\n<div class=\"descripcionPost\"><\/div>\n<div id=\"descripcionPost\" class=\"descripcionPost\" style=\"text-align: justify;\">El 5 de junio de 2016 el papa Francisco canoniz\u00f3 a Santa Mar\u00eda Isabel Hesselblad, religiosa brigidina oriunda de Suecia, restauradora de la Orden de Santa Br\u00edgida, fallecida en Roma en 1957. El papa San Juan Pablo II la hab\u00eda beatificado el 9 de abril de 2000.<\/p>\n<p>Con motivo de la reciente canonizaci\u00f3n, la Sociedad de Amigos de Santa Br\u00edgida efectu\u00f3 un homenaje a la nueva santa el lunes 6 de junio, un d\u00eda despu\u00e9s de su canonizaci\u00f3n. El homenaje consisti\u00f3 en el descubrimiento de una placa con la efigie de la nueva santa, junto a la estatua de Santa Br\u00edgida de Suecia que se venera en la cripta de la catedral Santa Florentina de Campana. Ambas son patronas del ecumenismo espiritual y del di\u00e1logo interreligioso en esta di\u00f3cesis. La placa fue bendecida previamente por el obispo diocesano de Z\u00e1rate-Campana, monse\u00f1or Pedro Mar\u00eda Laxague.<\/p>\n<p>En el acto estuvieron presentes los miembros de la Comisi\u00f3n Diocesana de Ecumenismo y Di\u00e1logo Interreligioso; el arzobispo siro-ortodoxo de Antioqu\u00eda Cris\u00f3stomos Gassali; el arzobispo Armenio apost\u00f3lico Kissag Mouradi\u00e1n, acompa\u00f1ado por el archimandrita Malakias Amidi\u00e1n y Der Iequish\u00e9; referentes de comunidades de la Reforma, numeroso contingente de la Sociedad Israelita de Campana encabezado por Sa\u00fal Tebovich, y representantes del budismo.<\/p>\n<p>Representando al gobierno municipal asisti\u00f3 el secretario de Turismo, abogado Alejandro Deppeler.<\/p>\n<p>El presb\u00edtero N\u00e9stor Daniel Villa abri\u00f3 el acto con palabras alusivas a santa Mar\u00eda Isabel Hesselblad, \u201chero\u00edna del siglo XX, insigne por su b\u00fasqueda de la verdad, por el riesgo asumido para salvar vidas en la Segunda Guerra Mundial ocultando a familias jud\u00edas de Roma en los s\u00f3tanos del convento romano de Santa Br\u00edgida, y por su permanente bregar por la paz pues -seg\u00fan ella- la guerra es una patolog\u00eda social susceptible de ser erradicada como otra enfermedad\u201d.<\/p>\n<p>Descubrieron la placa el doctor Deppeler, don Sa\u00fal Tebovich, la hermana Laurentina Bussano y el arzobispo Gassali, quien agradeci\u00f3 a Suecia, donde reside su madre y familiares refugiados sirios y ya establecidos, y hogar de una nutrida colonia siriaca con sus radios, clubes, y parlamentarios.<\/p>\n<p>La Casa Real Sueca por su embajadora en Buenos Aires hizo llegar su adhesi\u00f3n. Adhirieron, entre otros, la Iglesia Luterana Unida, la Casa Santa Br\u00edgida de Roma, y el obispo cat\u00f3lico de Holmiae, Suecia, Fray Anders Arborelius OCD.<\/p>\n<p>El acto concluy\u00f3 con una santa misa celebrada por el presb\u00edtero Villa, durante la cual se adscribieron nuevos socios a la Asociaci\u00f3n amigos de santa Br\u00edgida de Suecia.+<\/p><\/div>\n<div class=\"descripcionPost\" style=\"text-align: justify;\"><\/div>\n<div class=\"descripcionPost\" style=\"text-align: justify;\">Fuente: AICA<\/div>\n<p style=\"text-align: justify;\">\n<!-- AddThis Advanced Settings generic via filter on the_content --><!-- AddThis Share Buttons generic via filter on the_content -->","protected":false},"excerpt":{"rendered":"<p>El 5 de junio de 2016 el papa Francisco canoniz\u00f3 a Santa Mar\u00eda Isabel Hesselblad, religiosa brigidina oriunda de Suecia, restauradora de la Orden de [&hellip;]<!-- AddThis Advanced Settings generic via filter on get_the_excerpt --><!-- AddThis Share Buttons generic via filter on get_the_excerpt --><\/p>\n","protected":false},"author":2,"featured_media":12256,"comment_status":"open","ping_status":"open","sticky":false,"template":"","format":"standard","meta":{"footnotes":""},"categories":[3],"tags":[],"class_list":["post-12255","post","type-post","status-publish","format-standard","has-post-thumbnail","hentry","category-noticiasparroquiales"],"_links":{"self":[{"href":"https:\/\/obispadodezaratecampana.org\/index.php?rest_route=\/wp\/v2\/posts\/12255","targetHints":{"allow":["GET"]}}],"collection":[{"href":"https:\/\/obispadodezaratecampana.org\/index.php?rest_route=\/wp\/v2\/posts"}],"about":[{"href":"https:\/\/obispadodezaratecampana.org\/index.php?rest_route=\/wp\/v2\/types\/post"}],"author":[{"embeddable":true,"href":"https:\/\/obispadodezaratecampana.org\/index.php?rest_route=\/wp\/v2\/users\/2"}],"replies":[{"embeddable":true,"href":"https:\/\/obispadodezaratecampana.org\/index.php?rest_route=%2Fwp%2Fv2%2Fcomments&post=12255"}],"version-history":[{"count":1,"href":"https:\/\/obispadodezaratecampana.org\/index.php?rest_route=\/wp\/v2\/posts\/12255\/revisions"}],"predecessor-version":[{"id":12257,"href":"https:\/\/obispadodezaratecampana.org\/index.php?rest_route=\/wp\/v2\/posts\/12255\/revisions\/12257"}],"wp:featuredmedia":[{"embeddable":true,"href":"https:\/\/obispadodezaratecampana.org\/index.php?rest_route=\/wp\/v2\/media\/12256"}],"wp:attachment":[{"href":"https:\/\/obispadodezaratecampana.org\/index.php?rest_route=%2Fwp%2Fv2%2Fmedia&parent=12255"}],"wp:term":[{"taxonomy":"category","embeddable":true,"href":"https:\/\/obispadodezaratecampana.org\/index.php?rest_route=%2Fwp%2Fv2%2Fcategories&post=12255"},{"taxonomy":"post_tag","embeddable":true,"href":"https:\/\/obispadodezaratecampana.org\/index.php?rest_route=%2Fwp%2Fv2%2Ftags&post=12255"}],"curies":[{"name":"wp","href":"https:\/\/api.w.org\/{rel}","templated":true}]}}