{"id":12214,"date":"2016-06-14T21:54:55","date_gmt":"2016-06-15T00:54:55","guid":{"rendered":"http:\/\/obispadodezaratecampana.org\/?p=12214"},"modified":"2016-06-14T21:54:55","modified_gmt":"2016-06-15T00:54:55","slug":"sorteo-de-entradas-jueves-16-de-junio-fm-santa-maria-91-3","status":"publish","type":"post","link":"https:\/\/obispadodezaratecampana.org\/?p=12214","title":{"rendered":"Sorteo de entradas: Jueves 16 de junio, FM Santa Maria 91.3"},"content":{"rendered":"<h3 style=\"text-align: center;\"><em><span style=\"color: #808080;\">SORTEO! Fm Santa Maria :<\/span><\/em><br \/>\n<em><span style=\"color: #808080;\">Tenemos entradas para sortear e ir a ver a Javier Calamaro y\u2026<\/span><\/em><br \/>\n<em><span style=\"color: #808080;\">UNA PUEDE SER TUYA!<\/span><\/em><br \/>\n<em><span style=\"color: #808080;\">Anotate y particip\u00e1!<\/span><\/em><br \/>\n<em><span style=\"color: #808080;\">Nombre Completo, \u00faltimos 3 n\u00fameros del DNI y un n\u00famero de tel\u00e9fono de contacto.<\/span><\/em><br \/>\n<em><span style=\"color: #808080;\">\u00a1SORTEAMOS EL JUEVES!<\/span><\/em><\/h3>\n<h3 style=\"text-align: justify;\">Contacto perfil de facebook de la Fm Santa Mar\u00eda:<\/h3>\n<h4 style=\"text-align: justify;\"><a title=\"web\" href=\"https:\/\/www.facebook.com\/fmsanta.maria.3\/info\/?entry_point=page_nav_about_item&amp;tab=page_info\" target=\"_blank\">https:\/\/www.facebook.com\/fmsanta.maria.3\/info\/?entry_point=page_nav_about_item&amp;tab=page_info<\/a><\/h4>\n<h3 style=\"text-align: justify;\">Mail: \u00a0info@santamariafm.com.ar \u00a0Tel\u00e9fonos:\u00a0<span style=\"color: #1d2129;\">03489-427111 \/ 438785\u00a0<\/span><\/h3>\n<h3 style=\"text-align: justify;\"><\/h3>\n<p style=\"text-align: justify;\">\n<p><img fetchpriority=\"high\" decoding=\"async\" class=\"wp-image-12215 aligncenter\" src=\"http:\/\/obispadodezaratecampana.org\/wp-content\/uploads\/2016\/06\/13445338_919479271507973_1766488592069920587_n-300x140.jpg\" alt=\"13445338_919479271507973_1766488592069920587_n\" width=\"572\" height=\"267\" srcset=\"https:\/\/obispadodezaratecampana.org\/wp-content\/uploads\/2016\/06\/13445338_919479271507973_1766488592069920587_n-300x140.jpg 300w, https:\/\/obispadodezaratecampana.org\/wp-content\/uploads\/2016\/06\/13445338_919479271507973_1766488592069920587_n.jpg 478w\" sizes=\"(max-width: 572px) 100vw, 572px\" \/><\/p>\n<!-- AddThis Advanced Settings generic via filter on the_content --><!-- AddThis Share Buttons generic via filter on the_content -->","protected":false},"excerpt":{"rendered":"<p>SORTEO! Fm Santa Maria : Tenemos entradas para sortear e ir a ver a Javier Calamaro y\u2026 UNA PUEDE SER TUYA! Anotate y particip\u00e1! Nombre [&hellip;]<!-- AddThis Advanced Settings generic via filter on get_the_excerpt --><!-- AddThis Share Buttons generic via filter on get_the_excerpt --><\/p>\n","protected":false},"author":2,"featured_media":12215,"comment_status":"open","ping_status":"open","sticky":false,"template":"","format":"standard","meta":{"footnotes":""},"categories":[4],"tags":[],"class_list":["post-12214","post","type-post","status-publish","format-standard","has-post-thumbnail","hentry","category-movimientosinstituciones"],"_links":{"self":[{"href":"https:\/\/obispadodezaratecampana.org\/index.php?rest_route=\/wp\/v2\/posts\/12214","targetHints":{"allow":["GET"]}}],"collection":[{"href":"https:\/\/obispadodezaratecampana.org\/index.php?rest_route=\/wp\/v2\/posts"}],"about":[{"href":"https:\/\/obispadodezaratecampana.org\/index.php?rest_route=\/wp\/v2\/types\/post"}],"author":[{"embeddable":true,"href":"https:\/\/obispadodezaratecampana.org\/index.php?rest_route=\/wp\/v2\/users\/2"}],"replies":[{"embeddable":true,"href":"https:\/\/obispadodezaratecampana.org\/index.php?rest_route=%2Fwp%2Fv2%2Fcomments&post=12214"}],"version-history":[{"count":1,"href":"https:\/\/obispadodezaratecampana.org\/index.php?rest_route=\/wp\/v2\/posts\/12214\/revisions"}],"predecessor-version":[{"id":12216,"href":"https:\/\/obispadodezaratecampana.org\/index.php?rest_route=\/wp\/v2\/posts\/12214\/revisions\/12216"}],"wp:featuredmedia":[{"embeddable":true,"href":"https:\/\/obispadodezaratecampana.org\/index.php?rest_route=\/wp\/v2\/media\/12215"}],"wp:attachment":[{"href":"https:\/\/obispadodezaratecampana.org\/index.php?rest_route=%2Fwp%2Fv2%2Fmedia&parent=12214"}],"wp:term":[{"taxonomy":"category","embeddable":true,"href":"https:\/\/obispadodezaratecampana.org\/index.php?rest_route=%2Fwp%2Fv2%2Fcategories&post=12214"},{"taxonomy":"post_tag","embeddable":true,"href":"https:\/\/obispadodezaratecampana.org\/index.php?rest_route=%2Fwp%2Fv2%2Ftags&post=12214"}],"curies":[{"name":"wp","href":"https:\/\/api.w.org\/{rel}","templated":true}]}}