{"id":12194,"date":"2016-06-07T22:29:43","date_gmt":"2016-06-08T01:29:43","guid":{"rendered":"http:\/\/obispadodezaratecampana.org\/?p=12194"},"modified":"2016-06-08T20:55:14","modified_gmt":"2016-06-08T23:55:14","slug":"sabado11-de-junio-10-hs-reunion-pastoral-de-adicciones-en-pilar","status":"publish","type":"post","link":"https:\/\/obispadodezaratecampana.org\/?p=12194","title":{"rendered":"S\u00e1bado11 de junio, 10 hs reuni\u00f3n Pastoral de Adicciones en Pilar"},"content":{"rendered":"<h3><span style=\"color: #800080;\">La Pastoral de Adicciones invita a reuni\u00f3n del d\u00eda s\u00e1bado 11 de junio, la cual se realizar\u00e1 en la Pquia. Ntra. Sra. del Pilar \u00a0(Calle Lorenzo Lopez 624, situada frente a la Plaza, en Pilar centro). Horario: 10 hs.\u00a0<\/span><\/h3>\n<h3><span style=\"color: #800080;\">Para consultas comunicarse con el Padre Hugo Acu\u00f1a:\u00a0hdacuna@hotmail.com\u00a0<\/span><\/h3>\n<h3><span style=\"color: #800080;\"><img fetchpriority=\"high\" decoding=\"async\" class=\" wp-image-12195 aligncenter\" src=\"http:\/\/obispadodezaratecampana.org\/wp-content\/uploads\/2016\/06\/adiccion-168x300.jpg\" alt=\"adiccion\" width=\"325\" height=\"363\" \/><\/span><\/h3>\n<!-- AddThis Advanced Settings generic via filter on the_content --><!-- AddThis Share Buttons generic via filter on the_content -->","protected":false},"excerpt":{"rendered":"<p>La Pastoral de Adicciones invita a reuni\u00f3n del d\u00eda s\u00e1bado 11 de junio, la cual se realizar\u00e1 en la Pquia. Ntra. Sra. del Pilar \u00a0(Calle [&hellip;]<!-- AddThis Advanced Settings generic via filter on get_the_excerpt --><!-- AddThis Share Buttons generic via filter on get_the_excerpt --><\/p>\n","protected":false},"author":2,"featured_media":12195,"comment_status":"open","ping_status":"open","sticky":false,"template":"","format":"standard","meta":{"footnotes":""},"categories":[4,1],"tags":[],"class_list":["post-12194","post","type-post","status-publish","format-standard","has-post-thumbnail","hentry","category-movimientosinstituciones","category-noticiasdiocesanas"],"_links":{"self":[{"href":"https:\/\/obispadodezaratecampana.org\/index.php?rest_route=\/wp\/v2\/posts\/12194","targetHints":{"allow":["GET"]}}],"collection":[{"href":"https:\/\/obispadodezaratecampana.org\/index.php?rest_route=\/wp\/v2\/posts"}],"about":[{"href":"https:\/\/obispadodezaratecampana.org\/index.php?rest_route=\/wp\/v2\/types\/post"}],"author":[{"embeddable":true,"href":"https:\/\/obispadodezaratecampana.org\/index.php?rest_route=\/wp\/v2\/users\/2"}],"replies":[{"embeddable":true,"href":"https:\/\/obispadodezaratecampana.org\/index.php?rest_route=%2Fwp%2Fv2%2Fcomments&post=12194"}],"version-history":[{"count":4,"href":"https:\/\/obispadodezaratecampana.org\/index.php?rest_route=\/wp\/v2\/posts\/12194\/revisions"}],"predecessor-version":[{"id":12201,"href":"https:\/\/obispadodezaratecampana.org\/index.php?rest_route=\/wp\/v2\/posts\/12194\/revisions\/12201"}],"wp:featuredmedia":[{"embeddable":true,"href":"https:\/\/obispadodezaratecampana.org\/index.php?rest_route=\/wp\/v2\/media\/12195"}],"wp:attachment":[{"href":"https:\/\/obispadodezaratecampana.org\/index.php?rest_route=%2Fwp%2Fv2%2Fmedia&parent=12194"}],"wp:term":[{"taxonomy":"category","embeddable":true,"href":"https:\/\/obispadodezaratecampana.org\/index.php?rest_route=%2Fwp%2Fv2%2Fcategories&post=12194"},{"taxonomy":"post_tag","embeddable":true,"href":"https:\/\/obispadodezaratecampana.org\/index.php?rest_route=%2Fwp%2Fv2%2Ftags&post=12194"}],"curies":[{"name":"wp","href":"https:\/\/api.w.org\/{rel}","templated":true}]}}