{"id":12191,"date":"2016-06-07T22:08:00","date_gmt":"2016-06-08T01:08:00","guid":{"rendered":"http:\/\/obispadodezaratecampana.org\/?p=12191"},"modified":"2016-06-07T22:08:00","modified_gmt":"2016-06-08T01:08:00","slug":"30-de-junio-torneo-de-golf-a-beneficio-de-caritas-en-pilar","status":"publish","type":"post","link":"https:\/\/obispadodezaratecampana.org\/?p=12191","title":{"rendered":"30 de junio: Torneo de Golf a beneficio de C\u00e1ritas , en Pilar"},"content":{"rendered":"<h3>Ya pod\u00e9s reservar tu Green Fee para el Primer Torneo del Circuito de Golf a beneficio de C\u00e1ritas y Parroquia Nuestra Se\u00f1ora del Pilar Olivos Golf Club &#8211; 30 de Junio.<\/h3>\n<h3>Mandanos: Nombre y Apellido, N\u00famero de Matr\u00edcula, Tel\u00e9fono y Mail, por mensaje privado en facebook o por mail a info@pro-medios.com.ar \u00a0o por tel\u00e9fono al 011-15 -6508- 8575.<\/h3>\n<p><em>Fuente: \u00a0<a title=\"caritas golf\" href=\"https:\/\/www.facebook.com\/Circuito-de-Golf-2016-C%C3%A1ritas-Pilar-y-Parroquia-Nuestra-Se%C3%B1ora-del-Pilar-1663762533846736\/?fref=nf\" target=\"_blank\">https:\/\/www.facebook.com\/Circuito-de-Golf-2016-C%C3%A1ritas-Pilar-y-Parroquia-Nuestra-Se%C3%B1ora-del-Pilar-1663762533846736\/?fref=nf<\/a><\/em><\/p>\n<p>&nbsp;<\/p>\n<h4 style=\"text-align: justify;\"><img fetchpriority=\"high\" decoding=\"async\" class=\" wp-image-12192 aligncenter\" src=\"http:\/\/obispadodezaratecampana.org\/wp-content\/uploads\/2016\/06\/13340261_1767908416765480_4963113765251280455_o-300x200.jpg\" alt=\"13340261_1767908416765480_4963113765251280455_o\" width=\"464\" height=\"309\" srcset=\"https:\/\/obispadodezaratecampana.org\/wp-content\/uploads\/2016\/06\/13340261_1767908416765480_4963113765251280455_o-300x200.jpg 300w, https:\/\/obispadodezaratecampana.org\/wp-content\/uploads\/2016\/06\/13340261_1767908416765480_4963113765251280455_o-1024x685.jpg 1024w\" sizes=\"(max-width: 464px) 100vw, 464px\" \/><\/h4>\n<!-- AddThis Advanced Settings generic via filter on the_content --><!-- AddThis Share Buttons generic via filter on the_content -->","protected":false},"excerpt":{"rendered":"<p>Ya pod\u00e9s reservar tu Green Fee para el Primer Torneo del Circuito de Golf a beneficio de C\u00e1ritas y Parroquia Nuestra Se\u00f1ora del Pilar Olivos [&hellip;]<!-- AddThis Advanced Settings generic via filter on get_the_excerpt --><!-- AddThis Share Buttons generic via filter on get_the_excerpt --><\/p>\n","protected":false},"author":2,"featured_media":12192,"comment_status":"open","ping_status":"open","sticky":false,"template":"","format":"standard","meta":{"footnotes":""},"categories":[4],"tags":[],"class_list":["post-12191","post","type-post","status-publish","format-standard","has-post-thumbnail","hentry","category-movimientosinstituciones"],"_links":{"self":[{"href":"https:\/\/obispadodezaratecampana.org\/index.php?rest_route=\/wp\/v2\/posts\/12191","targetHints":{"allow":["GET"]}}],"collection":[{"href":"https:\/\/obispadodezaratecampana.org\/index.php?rest_route=\/wp\/v2\/posts"}],"about":[{"href":"https:\/\/obispadodezaratecampana.org\/index.php?rest_route=\/wp\/v2\/types\/post"}],"author":[{"embeddable":true,"href":"https:\/\/obispadodezaratecampana.org\/index.php?rest_route=\/wp\/v2\/users\/2"}],"replies":[{"embeddable":true,"href":"https:\/\/obispadodezaratecampana.org\/index.php?rest_route=%2Fwp%2Fv2%2Fcomments&post=12191"}],"version-history":[{"count":1,"href":"https:\/\/obispadodezaratecampana.org\/index.php?rest_route=\/wp\/v2\/posts\/12191\/revisions"}],"predecessor-version":[{"id":12193,"href":"https:\/\/obispadodezaratecampana.org\/index.php?rest_route=\/wp\/v2\/posts\/12191\/revisions\/12193"}],"wp:featuredmedia":[{"embeddable":true,"href":"https:\/\/obispadodezaratecampana.org\/index.php?rest_route=\/wp\/v2\/media\/12192"}],"wp:attachment":[{"href":"https:\/\/obispadodezaratecampana.org\/index.php?rest_route=%2Fwp%2Fv2%2Fmedia&parent=12191"}],"wp:term":[{"taxonomy":"category","embeddable":true,"href":"https:\/\/obispadodezaratecampana.org\/index.php?rest_route=%2Fwp%2Fv2%2Fcategories&post=12191"},{"taxonomy":"post_tag","embeddable":true,"href":"https:\/\/obispadodezaratecampana.org\/index.php?rest_route=%2Fwp%2Fv2%2Ftags&post=12191"}],"curies":[{"name":"wp","href":"https:\/\/api.w.org\/{rel}","templated":true}]}}