{"id":12151,"date":"2016-06-04T14:20:11","date_gmt":"2016-06-04T17:20:11","guid":{"rendered":"http:\/\/obispadodezaratecampana.org\/?p=12151"},"modified":"2016-06-04T14:20:49","modified_gmt":"2016-06-04T17:20:49","slug":"sagrado-corazon-de-jesus-e-inmaculado-corazon-de-maria","status":"publish","type":"post","link":"https:\/\/obispadodezaratecampana.org\/?p=12151","title":{"rendered":"SAGRADO CORAZ\u00d3N DE JES\u00daS E INMACULADO CORAZ\u00d3N DE MARIA"},"content":{"rendered":"<p style=\"text-align: center;\"><span style=\"color: #333399;\">FIESTA DEL SAGRADO CORAZ\u00d3N DE JESUS &#8211; Viernes 3 de junio.\u00a0<\/span><\/p>\n<p><span style=\"color: #333399;\"><img fetchpriority=\"high\" decoding=\"async\" class=\"size-medium wp-image-12152 aligncenter\" src=\"http:\/\/obispadodezaratecampana.org\/wp-content\/uploads\/2016\/06\/jesus-300x251.jpg\" alt=\"jesus\" width=\"300\" height=\"251\" srcset=\"https:\/\/obispadodezaratecampana.org\/wp-content\/uploads\/2016\/06\/jesus-300x251.jpg 300w, https:\/\/obispadodezaratecampana.org\/wp-content\/uploads\/2016\/06\/jesus.jpg 940w\" sizes=\"(max-width: 300px) 100vw, 300px\" \/><\/span><\/p>\n<p><span style=\"color: #333399;\">La devoci\u00f3n al Coraz\u00f3n de Jes\u00fas ha existido desde los primeros tiempos de la Iglesia, cuando se meditaba en el costado y el Coraz\u00f3n abierto de Jes\u00fas, de donde sali\u00f3 sangre y agua. De ese Coraz\u00f3n naci\u00f3 la Iglesia y por ese Coraz\u00f3n se abrieron las puertas del Cielo. La devoci\u00f3n al Sagrado Coraz\u00f3n est\u00e1 por encima de otras devociones porque veneramos al mismo Coraz\u00f3n de Dios. Pero fue Jes\u00fas mismo quien, en el siglo diecisiete, en Paray-le-Monial, Francia, solicit\u00f3, a trav\u00e9s de una humilde religiosa, que se estableciera definitiva y espec\u00edficamente la devoci\u00f3n a su Sacrat\u00edsimo Coraz\u00f3n.<\/span><\/p>\n<p><span style=\"color: #333399;\">El 16 de junio de 1675 se le apareci\u00f3 Nuestro Se\u00f1or y le mostr\u00f3 su Coraz\u00f3n a Santa Margarita Mar\u00eda de Alacoque. Su Coraz\u00f3n estaba rodeado de llamas de amor, coronado de espinas, con una herida abierta de la cual brotaba sangre y, del interior de su coraz\u00f3n, sal\u00eda una cruz. Santa Margarita escuch\u00f3 a Nuestro Se\u00f1or decir: &#8220;He aqu\u00ed el Coraz\u00f3n que tanto ha amado a los hombres, y en cambio, de la mayor parte de los hombres no recibe nada m\u00e1s que ingratitud, irreverencia y desprecio, en este sacramento de amor.&#8221; Con estas palabras Nuestro Se\u00f1or mismo nos dice en qu\u00e9 consiste la devoci\u00f3n a su Sagrado Coraz\u00f3n. La devoci\u00f3n en s\u00ed est\u00e1 dirigida a la persona de Nuestro Se\u00f1or Jesucristo y a su amor no correspondido, representado por su Coraz\u00f3n. Dos, pues son los actos esenciales de esta devoci\u00f3n: amor y reparaci\u00f3n. Amor, por lo mucho que \u00c9l nos ama. Reparaci\u00f3n y desagravio, por las muchas injurias que recibe sobre todo en la Sagrada Eucarist\u00eda.<\/span><\/p>\n<p style=\"text-align: center;\"><span style=\"color: #333399;\">FIESTA DEL INMACULADO CORAZ\u00d3N DE MARIA &#8211; S\u00e1bado 4 de junio.<\/span><\/p>\n<p style=\"text-align: center;\"><span style=\"color: #333399;\"><a href=\"http:\/\/obispadodezaratecampana.org\/wp-content\/uploads\/2016\/06\/maria.jpg\"><span style=\"color: #333399;\"><img decoding=\"async\" class=\"alignnone size-medium wp-image-12153\" src=\"http:\/\/obispadodezaratecampana.org\/wp-content\/uploads\/2016\/06\/maria-300x180.jpg\" alt=\"maria\" width=\"300\" height=\"180\" srcset=\"https:\/\/obispadodezaratecampana.org\/wp-content\/uploads\/2016\/06\/maria-300x180.jpg 300w, https:\/\/obispadodezaratecampana.org\/wp-content\/uploads\/2016\/06\/maria-1024x616.jpg 1024w, https:\/\/obispadodezaratecampana.org\/wp-content\/uploads\/2016\/06\/maria.jpg 2048w\" sizes=\"(max-width: 300px) 100vw, 300px\" \/><\/span><\/a>\u00a0<\/span><\/p>\n<p><span style=\"color: #333399;\">\u00c9sta fiesta est\u00e1 \u00edntimamente vinculada con la del Sagrado Coraz\u00f3n de Jes\u00fas, la cual se celebra el d\u00eda anterior, viernes. Ambas fiestas se celebran, viernes y s\u00e1bado respectivamente, en la semana siguiente al domingo de Corpus Christi. Los Corazones de Jes\u00fas y de Mar\u00eda est\u00e1n maravillosamente unidos en el tiempo y la eternidad desde el momento de la Encarnaci\u00f3n. La Iglesia nos ense\u00f1a que el modo m\u00e1s seguro de llegar a Jes\u00fas es por medio de Mar\u00eda. Por eso nos consagramos al Coraz\u00f3n de Jes\u00fas por medio del Coraz\u00f3n de Mar\u00eda.<\/span><br \/>\n<span style=\"color: #333399;\">La fiesta del Coraz\u00f3n Inmaculado de Mar\u00eda fue oficialmente establecida en toda la Iglesia por el papa P\u00edo XII, el 4 de mayo de 1944, para obtener por medio de la intercesi\u00f3n de Mar\u00eda &#8220;la paz entre las naciones, libertad para la Iglesia, la conversi\u00f3n de los pecadores, amor a la pureza y la pr\u00e1ctica de las virtudes&#8221;. Esta fiesta se celebra en la Iglesia todos los a\u00f1os el s\u00e1bado siguiente al segundo domingo despu\u00e9s Pentecost\u00e9s.<\/span><\/p>\n<p><span style=\"color: #333399;\">Despu\u00e9s de su entrada a los cielos, el Coraz\u00f3n de Mar\u00eda sigue ejerciendo a favor nuestro su amorosa intercesi\u00f3n. El amor de su coraz\u00f3n se dirige primero a Dios y a su Hijo Jes\u00fas, pero se extiende tambi\u00e9n con solicitud maternal sobre todo el g\u00e9nero humano que Jes\u00fas le confi\u00f3 al morir; y as\u00ed la alabamos por la santidad de su Inmaculado Coraz\u00f3n y le solicitamos su ayuda maternal en nuestro camino a su Hijo.<\/span><\/p>\n<p><span style=\"color: #333399;\">Una pr\u00e1ctica que hoy en d\u00eda forma parte integral de la devoci\u00f3n al Coraz\u00f3n de Mar\u00eda, es la Devoci\u00f3n a los Cinco Primeros S\u00e1bados. En diciembre de 1925, la Virgen se le apareci\u00f3 a Luc\u00eda Martos, vidente de F\u00e1tima y le dijo: &#8220;Yo prometo asistir a la hora de la muerte, con las gracias necesarias para la salvaci\u00f3n, a todos aquellos que en los primeros s\u00e1bados de cinco meses consecutivos, se confiesen, reciban la Sagrada Comuni\u00f3n, recen la tercera parte del Rosario, con intenci\u00f3n de darme reparaci\u00f3n&#8221;. Junto con la devoci\u00f3n a los nueve Primeros Viernes de Mes, \u00e9sta es una de las devociones m\u00e1s conocidas entre el pueblo creyente.<\/span><\/p>\n<p><span style=\"color: #333399;\">El Papa Juan Pablo II recientemente declar\u00f3 que la conmemoraci\u00f3n del Inmaculado Coraz\u00f3n de Mar\u00eda, ser\u00e1 de naturaleza &#8220;obligatoria&#8221; y no &#8220;opcional&#8221;. Es decir, por primera vez en la Iglesia, la liturgia para esta celebraci\u00f3n debe de realizarse en todo el mundo Cat\u00f3lico.<\/span><\/p>\n<p><span style=\"color: #333399;\">Entregu\u00e9monos al Coraz\u00f3n de Mar\u00eda dici\u00e9ndole: &#8220;\u00a1Ll\u00e9vanos a Jes\u00fas de tu mano! \u00a1Ll\u00e9vanos, Reina y Madre, hasta las profundidades de su Coraz\u00f3n adorable! \u00a1Coraz\u00f3n Inmaculado de Mar\u00eda, ruega por nosotros!<\/span><\/p>\n<p>&nbsp;<\/p>\n<!-- AddThis Advanced Settings generic via filter on the_content --><!-- AddThis Share Buttons generic via filter on the_content -->","protected":false},"excerpt":{"rendered":"<p>FIESTA DEL SAGRADO CORAZ\u00d3N DE JESUS &#8211; Viernes 3 de junio.\u00a0 La devoci\u00f3n al Coraz\u00f3n de Jes\u00fas ha existido desde los primeros tiempos de la [&hellip;]<!-- AddThis Advanced Settings generic via filter on get_the_excerpt --><!-- AddThis Share Buttons generic via filter on get_the_excerpt --><\/p>\n","protected":false},"author":2,"featured_media":12152,"comment_status":"open","ping_status":"open","sticky":false,"template":"","format":"standard","meta":{"footnotes":""},"categories":[5,1],"tags":[],"class_list":["post-12151","post","type-post","status-publish","format-standard","has-post-thumbnail","hentry","category-generales","category-noticiasdiocesanas"],"_links":{"self":[{"href":"https:\/\/obispadodezaratecampana.org\/index.php?rest_route=\/wp\/v2\/posts\/12151","targetHints":{"allow":["GET"]}}],"collection":[{"href":"https:\/\/obispadodezaratecampana.org\/index.php?rest_route=\/wp\/v2\/posts"}],"about":[{"href":"https:\/\/obispadodezaratecampana.org\/index.php?rest_route=\/wp\/v2\/types\/post"}],"author":[{"embeddable":true,"href":"https:\/\/obispadodezaratecampana.org\/index.php?rest_route=\/wp\/v2\/users\/2"}],"replies":[{"embeddable":true,"href":"https:\/\/obispadodezaratecampana.org\/index.php?rest_route=%2Fwp%2Fv2%2Fcomments&post=12151"}],"version-history":[{"count":1,"href":"https:\/\/obispadodezaratecampana.org\/index.php?rest_route=\/wp\/v2\/posts\/12151\/revisions"}],"predecessor-version":[{"id":12154,"href":"https:\/\/obispadodezaratecampana.org\/index.php?rest_route=\/wp\/v2\/posts\/12151\/revisions\/12154"}],"wp:featuredmedia":[{"embeddable":true,"href":"https:\/\/obispadodezaratecampana.org\/index.php?rest_route=\/wp\/v2\/media\/12152"}],"wp:attachment":[{"href":"https:\/\/obispadodezaratecampana.org\/index.php?rest_route=%2Fwp%2Fv2%2Fmedia&parent=12151"}],"wp:term":[{"taxonomy":"category","embeddable":true,"href":"https:\/\/obispadodezaratecampana.org\/index.php?rest_route=%2Fwp%2Fv2%2Fcategories&post=12151"},{"taxonomy":"post_tag","embeddable":true,"href":"https:\/\/obispadodezaratecampana.org\/index.php?rest_route=%2Fwp%2Fv2%2Ftags&post=12151"}],"curies":[{"name":"wp","href":"https:\/\/api.w.org\/{rel}","templated":true}]}}