{"id":11799,"date":"2016-04-16T22:33:21","date_gmt":"2016-04-17T01:33:21","guid":{"rendered":"http:\/\/obispadodezaratecampana.org\/?p=11799"},"modified":"2016-04-16T22:33:21","modified_gmt":"2016-04-17T01:33:21","slug":"el-papa-a-los-refugiados-en-lesbos-he-querido-estar-hoy-con-ustedes-quiero-decirles-que-no-estan-solos","status":"publish","type":"post","link":"https:\/\/obispadodezaratecampana.org\/?p=11799","title":{"rendered":"El Papa a los refugiados en Lesbos: \u201che querido estar hoy con ustedes. Quiero decirles que no est\u00e1n solos\u201d"},"content":{"rendered":"<p>LESBOS, 16 Abr. 16 \/ 07:33 am (ACI).- El Papa Francisco alent\u00f3 hoy a los miles de refugiados en la isla griega de Lesbos a no perder la esperanza y les asegur\u00f3 que \u201cno est\u00e1n solos\u201d en su sufrimiento.<\/p>\n<p><img fetchpriority=\"high\" decoding=\"async\" class=\"size-medium wp-image-11801 aligncenter\" src=\"http:\/\/obispadodezaratecampana.org\/wp-content\/uploads\/2016\/04\/lesbos-300x168.jpg\" alt=\"lesbos\" width=\"300\" height=\"168\" srcset=\"https:\/\/obispadodezaratecampana.org\/wp-content\/uploads\/2016\/04\/lesbos-300x168.jpg 300w, https:\/\/obispadodezaratecampana.org\/wp-content\/uploads\/2016\/04\/lesbos-1024x575.jpg 1024w, https:\/\/obispadodezaratecampana.org\/wp-content\/uploads\/2016\/04\/lesbos.jpg 1338w\" sizes=\"(max-width: 300px) 100vw, 300px\" \/><\/p>\n<p>El Santo Padre lleg\u00f3 a Lesbos, que acoge a m\u00e1s de 4 mil refugiados, que en su mayor\u00eda huyen de la violencia en Medio Oriente, alrededor de las 10:20 a.m. (hora local). Tras la recepci\u00f3n en el aeropuerto, el Papa se reuni\u00f3 en privado con el primer ministro de Grecia, Alexis Tsipras, a quien le indic\u00f3 que \u201che venido a agradecer al pueblo griego por su generosidad\u201d.<\/p>\n<p>Concluido este encuentro, Francisco se dirigi\u00f3 al Campo de Refugiados de Moria, acompa\u00f1ado del Patriarca Ecum\u00e9nico de Constantinopla (Turqu\u00eda), Bartolom\u00e9 I, y del Arzobispo de Atenas y de toda Grecia, Jer\u00f3nimo II.<\/p>\n<p>\u201cEste es el mensaje que les quiero dejar hoy: \u00a1No pierdan la esperanza!\u201d, les dijo el Papa a los refugiados en Lesbos, y que \u201che querido estar hoy con ustedes. Quiero decirles que no est\u00e1n solos\u201d.<\/p>\n<p>\u201cEn estas semanas y meses, han sufrido mucho en su b\u00fasqueda de una vida mejor. Muchos de ustedes se han visto obligados a huir de situaciones de conflicto y persecuci\u00f3n, sobre todo por el bien de sus hijos, por sus peque\u00f1os. Han hecho grandes sacrificios por sus familias\u201d, indic\u00f3 el Papa.<\/p>\n<p>Los refugiados, dijo, \u201cconocen el sufrimiento de dejar todo lo que aman y, quiz\u00e1s lo m\u00e1s dif\u00edcil, no saber qu\u00e9 les deparar\u00e1 el futuro\u201d.<\/p>\n<p>\u201cSon muchos los que como ustedes aguardan en campos o ciudades, con la esperanza de construir una nueva vida en este continente\u201d.<\/p>\n<p>El prop\u00f3sito de la visita al campo de refugiados, se\u00f1al\u00f3, es \u201cpara estar con ustedes y escuchar sus historias. Hemos venido para atraer la atenci\u00f3n del mundo ante esta grave crisis humanitaria y para implorar la soluci\u00f3n de la misma\u201d.<\/p>\n<p>\u201cComo hombres de fe, deseamos unir nuestras voces para hablar abiertamente en su nombre. Esperamos que el mundo preste atenci\u00f3n a estas situaciones de necesidad tr\u00e1gica y verdaderamente desesperadas, y responda de un modo digno de nuestra humanidad com\u00fan\u201d, manifest\u00f3.<\/p>\n<p>El Papa subray\u00f3 que \u201cDios cre\u00f3 a la humanidad para ser una familia\u201d, de tal forma que \u201ccuando uno de nuestros hermanos y hermanas sufre, todos estamos afectados\u201d.<\/p>\n<p>Francisco destac\u00f3 adem\u00e1s que crisis como la actual \u201cpueden despertar lo mejor de nosotros. Lo han comprobado ustedes mismos y con el pueblo griego, que ha respondido generosamente a sus necesidades a pesar de sus propias dificultades\u201d.<\/p>\n<p>\u201cTodav\u00eda queda mucho por hacer. Pero demos gracias a Dios porque nunca nos deja solos en nuestro sufrimiento. Siempre hay alguien que puede extender la mano para ayudarnos\u201d, dijo.<\/p>\n<p>El Santo Padre record\u00f3 que a los cristianos \u201cnos gusta contar el episodio del Buen Samaritano\u201d, una par\u00e1bola \u201csobre la misericordia de Dios\u201d.<\/p>\n<p>\u201cEs tambi\u00e9n una llamada para mostrar esa misma misericordia a los necesitados. Ojal\u00e1 que todos nuestros hermanos y hermanas en este continente, como el Buen Samaritano, vengan a ayudarlos con ese esp\u00edritu de fraternidad, solidaridad y respeto por la dignidad humana, que los ha distinguido a lo largo de la historia\u201d, expres\u00f3.<\/p>\n<p>Al concluir su mensaje, Francisco dio su bendici\u00f3n a los refugiados y pidi\u00f3 para ellos \u201clos dones divinos de fortaleza y paz\u201d.<\/p>\n<p>Durante su visita al campo de refugiados, el Santo Padre tambi\u00e9n escuch\u00f3 de forma personal los sufrimientos de los migrantes ah\u00ed congregados y les dio su bendici\u00f3n.<\/p>\n<p>Fuente: ACIPRENSA<\/p>\n<p>&nbsp;<\/p>\n<!-- AddThis Advanced Settings generic via filter on the_content --><!-- AddThis Share Buttons generic via filter on the_content -->","protected":false},"excerpt":{"rendered":"<p>LESBOS, 16 Abr. 16 \/ 07:33 am (ACI).- El Papa Francisco alent\u00f3 hoy a los miles de refugiados en la isla griega de Lesbos a [&hellip;]<!-- AddThis Advanced Settings generic via filter on get_the_excerpt --><!-- AddThis Share Buttons generic via filter on get_the_excerpt --><\/p>\n","protected":false},"author":2,"featured_media":11800,"comment_status":"open","ping_status":"open","sticky":false,"template":"","format":"standard","meta":{"footnotes":""},"categories":[161],"tags":[],"class_list":["post-11799","post","type-post","status-publish","format-standard","has-post-thumbnail","hentry","category-el-papa-leonxiv"],"_links":{"self":[{"href":"https:\/\/obispadodezaratecampana.org\/index.php?rest_route=\/wp\/v2\/posts\/11799","targetHints":{"allow":["GET"]}}],"collection":[{"href":"https:\/\/obispadodezaratecampana.org\/index.php?rest_route=\/wp\/v2\/posts"}],"about":[{"href":"https:\/\/obispadodezaratecampana.org\/index.php?rest_route=\/wp\/v2\/types\/post"}],"author":[{"embeddable":true,"href":"https:\/\/obispadodezaratecampana.org\/index.php?rest_route=\/wp\/v2\/users\/2"}],"replies":[{"embeddable":true,"href":"https:\/\/obispadodezaratecampana.org\/index.php?rest_route=%2Fwp%2Fv2%2Fcomments&post=11799"}],"version-history":[{"count":1,"href":"https:\/\/obispadodezaratecampana.org\/index.php?rest_route=\/wp\/v2\/posts\/11799\/revisions"}],"predecessor-version":[{"id":11802,"href":"https:\/\/obispadodezaratecampana.org\/index.php?rest_route=\/wp\/v2\/posts\/11799\/revisions\/11802"}],"wp:featuredmedia":[{"embeddable":true,"href":"https:\/\/obispadodezaratecampana.org\/index.php?rest_route=\/wp\/v2\/media\/11800"}],"wp:attachment":[{"href":"https:\/\/obispadodezaratecampana.org\/index.php?rest_route=%2Fwp%2Fv2%2Fmedia&parent=11799"}],"wp:term":[{"taxonomy":"category","embeddable":true,"href":"https:\/\/obispadodezaratecampana.org\/index.php?rest_route=%2Fwp%2Fv2%2Fcategories&post=11799"},{"taxonomy":"post_tag","embeddable":true,"href":"https:\/\/obispadodezaratecampana.org\/index.php?rest_route=%2Fwp%2Fv2%2Ftags&post=11799"}],"curies":[{"name":"wp","href":"https:\/\/api.w.org\/{rel}","templated":true}]}}