{"id":11792,"date":"2016-04-16T20:26:42","date_gmt":"2016-04-16T23:26:42","guid":{"rendered":"http:\/\/obispadodezaratecampana.org\/?p=11792"},"modified":"2016-04-16T20:26:42","modified_gmt":"2016-04-16T23:26:42","slug":"16-de-abril-santa-bernardette-vidente-de-la-virgen-de-lourdes","status":"publish","type":"post","link":"https:\/\/obispadodezaratecampana.org\/?p=11792","title":{"rendered":"16 de abril: Santa Bernardette &#8211; Vidente de la Virgen de Lourdes"},"content":{"rendered":"<p>REDACCI\u00d3N CENTRAL, 16 Abr. 16 \/ 12:02 am (ACI).- \u201cS\u00ed, Madre querida, t\u00fa te has abajado hasta la tierra para aparecerte a una d\u00e9bil ni\u00f1a\u2026 T\u00fa, reina del cielo y la tierra, has querido servirte de lo que hab\u00eda de m\u00e1s humilde seg\u00fan el mundo&#8221;, dijo en una ocasi\u00f3n Santa Bernardette Soubirus, la vidente de la Virgen de Lourdes y cuya fiesta se celebra cada 16 de abril.<\/p>\n<p>Santa Bernardette naci\u00f3 el 7 de enero de 1844 en Lourdes (Francia). Al bautizarla le pusieron como nombre Marie-Bernard, pero sol\u00edan llamarla por el diminutivo de \u201cBernardette\u201d. Su familia padeci\u00f3 la m\u00e1s absoluta pobreza.<\/p>\n<p>Bernardette qued\u00f3 a cargo de su nodriza quien la envi\u00f3 al pastoreo de ovejas, pero esto le dificultaba prepararse para recibir la Primera Comuni\u00f3n. Era la \u00fanica ni\u00f1a de casi 14 a\u00f1os que no hab\u00eda recibido la Eucarist\u00eda. Como era muy buena pastora la obligaban a cuidar m\u00e1s tiempo las ovejas.<\/p>\n<p>M\u00e1s adelante pidi\u00f3 a sus padres retornar a casa porque quer\u00eda recibir la Primera Comuni\u00f3n y sus padres aceptaron. Con este deseo es que se le aparece la Virgen de Lourdes, que se llam\u00f3 a s\u00ed misma &#8220;la Inmaculada Concepci\u00f3n&#8221;.<br \/>\nDespu\u00e9s de las apariciones, la humilde joven se mantuvo sencilla y modesta, sin buscar el bullicio ni la popularidad. Hizo su Primera Comuni\u00f3n el 3 de junio de 1858, d\u00eda del Corpus Christi de ese a\u00f1o.<\/p>\n<p>Recibi\u00f3 incomprensiones, burlas y casi siempre estaba enferma. Sufr\u00eda de v\u00f3mitos de sangre, asma cr\u00f3nica, tuberculosis, aneurisma, gastralgia, caries en los huesos, abscesos en los o\u00eddos y tumor de una rodilla.<\/p>\n<p>La Virgen le hab\u00eda dicho a Santa Bernardette: \u201cNo te prometo hacerte feliz en este mundo, sino en el pr\u00f3ximo\u201d.<\/p>\n<p>En 1860 las Hermanas de la Caridad de Nevers, que serv\u00edan en la escuela y el hospital, le ofrecieron asilo titular. All\u00ed le asignaron una hermana para que le ense\u00f1e a leer y escribir. Al crecer, Bernardette tambi\u00e9n pas\u00f3 por momentos de vanidad, buscando estar arreglada para lucir bien, pero esas cosas pasaron r\u00e1pido en ella y no da\u00f1aron su sencillez de coraz\u00f3n.<\/p>\n<p>M\u00e1s adelante decidi\u00f3 abrazar la vida religiosa y pidi\u00f3 ser aceptada a la Madre Superiora del Hospicio. A los 22 a\u00f1os va por \u00faltima vez a la amada gruta para despedirse, antes de ingresar al noviciado.<\/p>\n<p>Su salud decay\u00f3 gravemente y la madre Superiora quiso darle el consuelo de que pronuncie los votos. Durante la ceremonia, ella hizo gestos de consentimiento ya que no pod\u00eda hablar y le dieron el velo de profesa. A la ma\u00f1ana siguiente despert\u00f3 feliz y la Madre Superiora le dijo que le quitar\u00eda el velo y ella acept\u00f3 humildemente.<\/p>\n<p>El 30 de octubre de 1867 hizo sus votos temporales a los 23 a\u00f1os y en 1878 emiti\u00f3 los perpetuos. Despu\u00e9s su salud empeor\u00f3 y retorn\u00f3 a la enfermer\u00eda. All\u00ed padeci\u00f3 enormemente, super\u00f3 la tentaci\u00f3n de pensar que no pod\u00eda ser salvada, no se dej\u00f3 vencer y se mantuvo serena.<\/p>\n<p>Padeci\u00f3 durante la Semana Santa de 1879. El 16 de abril pidi\u00f3 a las religiosas que rezaran el Rosario. Al terminar un Avemar\u00eda, su rostro dibuj\u00f3 una sonrisa como si viera de nuevo a la Virgen de la gruta y parti\u00f3 a la Casa del Padre a las 3:15 pm.<\/p>\n<p>\u201cSanta Mar\u00eda, Madre de Dios, ruega por m\u00ed pobre pecadora\u2026 pecadora\u201d, fueron sus \u00faltimas palabras. Su cuerpo se mantiene incorrupto en su capilla en Nevers, con la apariencia de estar dormida.<\/p>\n<p>M\u00e1s informaci\u00f3n en el especial de Santa Bernardette<\/p>\n<p>&nbsp;<\/p>\n<p>&nbsp;<\/p>\n<!-- AddThis Advanced Settings generic via filter on the_content --><!-- AddThis Share Buttons generic via filter on the_content -->","protected":false},"excerpt":{"rendered":"<p>REDACCI\u00d3N CENTRAL, 16 Abr. 16 \/ 12:02 am (ACI).- \u201cS\u00ed, Madre querida, t\u00fa te has abajado hasta la tierra para aparecerte a una d\u00e9bil ni\u00f1a\u2026 [&hellip;]<!-- AddThis Advanced Settings generic via filter on get_the_excerpt --><!-- AddThis Share Buttons generic via filter on get_the_excerpt --><\/p>\n","protected":false},"author":2,"featured_media":11793,"comment_status":"open","ping_status":"open","sticky":false,"template":"","format":"standard","meta":{"footnotes":""},"categories":[166],"tags":[],"class_list":["post-11792","post","type-post","status-publish","format-standard","has-post-thumbnail","hentry","category-santoral"],"_links":{"self":[{"href":"https:\/\/obispadodezaratecampana.org\/index.php?rest_route=\/wp\/v2\/posts\/11792","targetHints":{"allow":["GET"]}}],"collection":[{"href":"https:\/\/obispadodezaratecampana.org\/index.php?rest_route=\/wp\/v2\/posts"}],"about":[{"href":"https:\/\/obispadodezaratecampana.org\/index.php?rest_route=\/wp\/v2\/types\/post"}],"author":[{"embeddable":true,"href":"https:\/\/obispadodezaratecampana.org\/index.php?rest_route=\/wp\/v2\/users\/2"}],"replies":[{"embeddable":true,"href":"https:\/\/obispadodezaratecampana.org\/index.php?rest_route=%2Fwp%2Fv2%2Fcomments&post=11792"}],"version-history":[{"count":1,"href":"https:\/\/obispadodezaratecampana.org\/index.php?rest_route=\/wp\/v2\/posts\/11792\/revisions"}],"predecessor-version":[{"id":11794,"href":"https:\/\/obispadodezaratecampana.org\/index.php?rest_route=\/wp\/v2\/posts\/11792\/revisions\/11794"}],"wp:featuredmedia":[{"embeddable":true,"href":"https:\/\/obispadodezaratecampana.org\/index.php?rest_route=\/wp\/v2\/media\/11793"}],"wp:attachment":[{"href":"https:\/\/obispadodezaratecampana.org\/index.php?rest_route=%2Fwp%2Fv2%2Fmedia&parent=11792"}],"wp:term":[{"taxonomy":"category","embeddable":true,"href":"https:\/\/obispadodezaratecampana.org\/index.php?rest_route=%2Fwp%2Fv2%2Fcategories&post=11792"},{"taxonomy":"post_tag","embeddable":true,"href":"https:\/\/obispadodezaratecampana.org\/index.php?rest_route=%2Fwp%2Fv2%2Ftags&post=11792"}],"curies":[{"name":"wp","href":"https:\/\/api.w.org\/{rel}","templated":true}]}}