{"id":11787,"date":"2016-04-16T20:13:31","date_gmt":"2016-04-16T23:13:31","guid":{"rendered":"http:\/\/obispadodezaratecampana.org\/?p=11787"},"modified":"2016-04-16T20:13:31","modified_gmt":"2016-04-16T23:13:31","slug":"16-de-abril-cumpleanos-de-nuestro-papa-emerito-benedicto-xvi","status":"publish","type":"post","link":"https:\/\/obispadodezaratecampana.org\/?p=11787","title":{"rendered":"16 de abril: Cumplea\u00f1os de nuestro Papa Em\u00e9rito Benedicto XVI"},"content":{"rendered":"<p><em>Queridos lectores, compartimos esta breve nota, que referencia datos sobre nuestro Papa Em\u00e9rito.<\/em><\/p>\n<p>Fuente: es.churchpop.com<\/p>\n<p>\u00a1El 16 de abril es el cumplea\u00f1os de Benedicto XVI! Este 2016 \u00e9l cumple 89 a\u00f1os.<\/p>\n<p>Aqu\u00ed tienes 8 cosas que probablemente no sab\u00edas de nuestro querido Papa em\u00e9rito.<\/p>\n<p>1) Sabe c\u00f3mo volar un helic\u00f3ptero, pero nunca aprendi\u00f3 a conducir un auto<\/p>\n<p>Benedicto XVI tiene una licencia de piloto, y le gustaba volar desde el Vaticano hasta la residencia pontificia de Castelgandolfo, pero no tiene una licencia de conducir ya que nunca aprendi\u00f3 a conducir un coche.<\/p>\n<p>2) Fue prisionero de guerra durante la Segunda Guerra Mundial<\/p>\n<p>Aunque su familia estaba fuertemente contra el nazismo, el joven Joseph Ratzinger fue obligado a pertenecer al ej\u00e9rcito alem\u00e1n durante la Segunda Guerra Mundial a pesar de que nunca estuvo en combate. Las fuerzas estadounidenses establecieron un cuartel general en la granja de sus padres y all\u00ed se enteraron de que hab\u00eda sido un soldado alem\u00e1n. Despu\u00e9s de unos meses en un campo de prisioneros, finalmente fue liberado y volvi\u00f3 a casa en un cami\u00f3n de la leche.<\/p>\n<p>3) Domina 7 idiomas<\/p>\n<p>Habla fluidamente el alem\u00e1n, ingl\u00e9s, italiano, franc\u00e9s, espa\u00f1ol lat\u00edn y portugu\u00e9s.<\/p>\n<p>4) Le gusta cuidar a los gatos callejeros<\/p>\n<p>Ha sido durante mucho tiempo un aficionado a los gatos y cuando era cardenal sus vecinos lo conoc\u00edan porque cuidaba a unos gatos callejeros. Cuando era Papa, ten\u00eda dos gatos como mascotas, incluyendo uno que hab\u00eda encontrado en Roma.<\/p>\n<p>5) Todav\u00eda tiene dos animales de peluche que su madre hizo para \u00e9l cuando era ni\u00f1o<\/p>\n<p>Cuando era ni\u00f1o, \u00e9l sufr\u00eda de una enfermedad grave, as\u00ed que su madre le hizo osos de peluche. Seg\u00fan se sabe, los ha cuidado hasta estos d\u00edas.<\/p>\n<p>6) Es un virtuoso pianista<\/p>\n<p>Como Papa, una de sus prioridades era darse un tiempo para tocar regularmente el piano, prefiriendo las obras de Mozart y Beethoven. Sobre las obras de Mozart \u00c9l dijo lo siguiente: \u201cEl R\u00e9quiem de Mozart es una elevada expresi\u00f3n de fe, que conoce muy bien la tragedia de la existencia humana y no oculta sus aspectos dram\u00e1ticos, y por lo tanto una expresi\u00f3n de fe propiamente cristiana, consciente de que toda la vida del ser humano est\u00e1 iluminada por el amor de Dios\u201d.<\/p>\n<p>7) Pidi\u00f3 su retiro varias veces antes de convertirse en Papa<\/p>\n<p>Es normal que los miembros del clero se retiren a los 75 a\u00f1os. Cuando se estaba acercando a dicha edad, el entonces cardenal Ratzinger pidi\u00f3 en repetidas ocasiones el Papa Juan Pablo II un permiso para retirarse de su trabajo como prefecto de la Congregaci\u00f3n para la Doctrina de Fe. El cardenal Ratzinger quer\u00eda convertirse en bibliotecario o tomar alg\u00fan otro trabajo que le diera m\u00e1s tiempo para escribir libros. Juan Pablo II rechaz\u00f3 sus peticiones, y el cardenal Ratzinger fue elegido Papa a la edad de 78 a\u00f1os.<\/p>\n<p>8) Es el sexto Papa en la historia de la Iglesia en renunciar a su cargo<\/p>\n<p>El \u00faltimo papa a renunciar fue Gregorio VII a principios del siglo XIV, y fue para ayudar a terminar con el Cisma de Occidente. Es una inc\u00f3gnita si Benedicto XVI ha establecido un nuevo precedente a seguir por los futuros papas.<\/p>\n<p style=\"text-align: center;\">Francisco y Benedicto<\/p>\n<p><img decoding=\"async\" class=\"size-medium wp-image-11788 aligncenter\" src=\"http:\/\/obispadodezaratecampana.org\/wp-content\/uploads\/2016\/04\/benedictoc-300x166.jpg\" alt=\"benedictoc\" width=\"300\" height=\"166\" srcset=\"https:\/\/obispadodezaratecampana.org\/wp-content\/uploads\/2016\/04\/benedictoc-300x166.jpg 300w, https:\/\/obispadodezaratecampana.org\/wp-content\/uploads\/2016\/04\/benedictoc.jpg 680w\" sizes=\"(max-width: 300px) 100vw, 300px\" \/><\/p>\n<p style=\"text-align: center;\">San Juan Pablo II y Benedicto<\/p>\n<p style=\"text-align: center;\"><img fetchpriority=\"high\" decoding=\"async\" class=\"size-medium wp-image-11790 aligncenter\" src=\"http:\/\/obispadodezaratecampana.org\/wp-content\/uploads\/2016\/04\/benedicto-300x193.jpg\" alt=\"benedicto\" width=\"300\" height=\"193\" srcset=\"https:\/\/obispadodezaratecampana.org\/wp-content\/uploads\/2016\/04\/benedicto-300x193.jpg 300w, https:\/\/obispadodezaratecampana.org\/wp-content\/uploads\/2016\/04\/benedicto-1024x659.jpg 1024w, https:\/\/obispadodezaratecampana.org\/wp-content\/uploads\/2016\/04\/benedicto.jpg 1400w\" sizes=\"(max-width: 300px) 100vw, 300px\" \/><\/p>\n<p style=\"text-align: center;\">Beato Pablo VI y Benedicto<\/p>\n<p><img decoding=\"async\" class=\"size-medium wp-image-11789 aligncenter\" src=\"http:\/\/obispadodezaratecampana.org\/wp-content\/uploads\/2016\/04\/benedictob-300x217.jpg\" alt=\"benedictob\" width=\"300\" height=\"217\" srcset=\"https:\/\/obispadodezaratecampana.org\/wp-content\/uploads\/2016\/04\/benedictob-300x217.jpg 300w, https:\/\/obispadodezaratecampana.org\/wp-content\/uploads\/2016\/04\/benedictob.jpg 647w\" sizes=\"(max-width: 300px) 100vw, 300px\" \/><\/p>\n<!-- AddThis Advanced Settings generic via filter on the_content --><!-- AddThis Share Buttons generic via filter on the_content -->","protected":false},"excerpt":{"rendered":"<p>Queridos lectores, compartimos esta breve nota, que referencia datos sobre nuestro Papa Em\u00e9rito. Fuente: es.churchpop.com \u00a1El 16 de abril es el cumplea\u00f1os de Benedicto XVI! [&hellip;]<!-- AddThis Advanced Settings generic via filter on get_the_excerpt --><!-- AddThis Share Buttons generic via filter on get_the_excerpt --><\/p>\n","protected":false},"author":2,"featured_media":11788,"comment_status":"open","ping_status":"open","sticky":false,"template":"","format":"standard","meta":{"footnotes":""},"categories":[5],"tags":[],"class_list":["post-11787","post","type-post","status-publish","format-standard","has-post-thumbnail","hentry","category-generales"],"_links":{"self":[{"href":"https:\/\/obispadodezaratecampana.org\/index.php?rest_route=\/wp\/v2\/posts\/11787","targetHints":{"allow":["GET"]}}],"collection":[{"href":"https:\/\/obispadodezaratecampana.org\/index.php?rest_route=\/wp\/v2\/posts"}],"about":[{"href":"https:\/\/obispadodezaratecampana.org\/index.php?rest_route=\/wp\/v2\/types\/post"}],"author":[{"embeddable":true,"href":"https:\/\/obispadodezaratecampana.org\/index.php?rest_route=\/wp\/v2\/users\/2"}],"replies":[{"embeddable":true,"href":"https:\/\/obispadodezaratecampana.org\/index.php?rest_route=%2Fwp%2Fv2%2Fcomments&post=11787"}],"version-history":[{"count":1,"href":"https:\/\/obispadodezaratecampana.org\/index.php?rest_route=\/wp\/v2\/posts\/11787\/revisions"}],"predecessor-version":[{"id":11791,"href":"https:\/\/obispadodezaratecampana.org\/index.php?rest_route=\/wp\/v2\/posts\/11787\/revisions\/11791"}],"wp:featuredmedia":[{"embeddable":true,"href":"https:\/\/obispadodezaratecampana.org\/index.php?rest_route=\/wp\/v2\/media\/11788"}],"wp:attachment":[{"href":"https:\/\/obispadodezaratecampana.org\/index.php?rest_route=%2Fwp%2Fv2%2Fmedia&parent=11787"}],"wp:term":[{"taxonomy":"category","embeddable":true,"href":"https:\/\/obispadodezaratecampana.org\/index.php?rest_route=%2Fwp%2Fv2%2Fcategories&post=11787"},{"taxonomy":"post_tag","embeddable":true,"href":"https:\/\/obispadodezaratecampana.org\/index.php?rest_route=%2Fwp%2Fv2%2Ftags&post=11787"}],"curies":[{"name":"wp","href":"https:\/\/api.w.org\/{rel}","templated":true}]}}